{"id":1088,"date":"2012-12-12T03:01:09","date_gmt":"2012-12-12T00:01:09","guid":{"rendered":"http:\/\/azzaman.info\/wordpress\/2012\/12\/12\/le-cherif-de-nioro-mohamed-ould-cheichne-dit-bouye-a-donne-sa-position-sur-la-crise-que-le-mali-traverse-cetait-samedi-8-decembre-a-son-domicile-sis-a-lhippodrome-en-presence-de-milliers-dhamallistes\/"},"modified":"2012-12-12T03:01:09","modified_gmt":"2012-12-12T00:01:09","slug":"le-cherif-de-nioro-mohamed-ould-cheichne-dit-bouye-a-donne-sa-position-sur-la-crise-que-le-mali-traverse-cetait-samedi-8-decembre-a-son-domicile-sis-a-lhippodrome-en-presence-de-milliers-dhamallistes","status":"publish","type":"post","link":"https:\/\/www.azzaman.info\/?p=1088","title":{"rendered":"Le Cherif de Nioro hostile \u00e0 la guerre dans le Nord Mali"},"content":{"rendered":"<p> \t\u00a0<\/p>\n<p> \t<img decoding=\"async\" alt=\"alt\" src=\"http:\/\/leveridique.info\/IMG\/arton3352.jpg\" \/>Le Cherif de Nioro, Mohamed Ould Cheichn\u00e8 dit Bouy\u00e9, a donn\u00e9 sa position sur la crise que le Mali traverse. C&rsquo;\u00e9tait samedi 8 d\u00e9cembre \u00e0 son domicile sis \u00e0 l&rsquo;Hippodrome, en pr\u00e9sence de milliers d&rsquo;hamallistes, ses disciples religieux.<\/p>\n<p> \tLe Ch\u00e9rif a adress\u00e9 ses remerciements \u00e0 tous ceux qui ont effectu\u00e9 le\u00a0d\u00e9placement pour venir l&rsquo;\u00e9couter. Il a tenu \u00e0 dire que son exercice n&rsquo;a pas but de chercher le pouvoir pour lui, ni pour ses enfants, ni pour les hamallistes, mais de mettre tout en &oelig;uvre pour la paix au Mali.<\/p>\n<p>  <!--more-->  <\/p>\n<p> \t\u00a0Parlant du pouvoir en place, le Ch\u00e9rif dira qu&rsquo;aujourd&rsquo;hui, le Mali est dirig\u00e9 par un pr\u00e9sident et premier ministre impos\u00e9s de l&rsquo;ext\u00e9rieur. Bouy\u00e9 ira plus loin en affirmant que si ces hommes avaient \u00e9t\u00e9 impos\u00e9s par la France, qui nous colonis\u00e9s, ou par d&rsquo;autres puissances \u00e9trang\u00e8res, on le pouvait comprendre\u00a0; mais qu&rsquo;ils soient impos\u00e9s par nos propres voisins est inadmissible. Il a fustig\u00e9 la CEDEAO en disant qu&rsquo;elle a condamn\u00e9 le coup d&rsquo;\u00e9tat par principe, certes, mais qu&rsquo;elle n&rsquo;avait pas le droit de nous imposer des dirigeants. \u00ab\u00a0C&rsquo;est le peuple qui devrait choisir son pr\u00e9sident car apr\u00e8s ses 40 jours d&rsquo;int\u00e9rim, Dioncounda n&rsquo;\u00e9tait plus pr\u00e9sident du Mali\u00a0\u00bb, commente Bouy\u00e9. Parlant de sa visite au capitaine Sanogo, il dira que c&rsquo;est suite \u00e0 une invitation des militaires qu&rsquo;il d\u00e9cid\u00e9 de se rendre \u00e0 Kati. \u00ab\u00a0A Kati, je n&rsquo;ai tenu que le langage de la v\u00e9rit\u00e9, de la coh\u00e9sion et de la paix. Les 3 mois que j&rsquo;ai eu \u00e0 passer \u00e0 Bamako ont \u00e9t\u00e9 consacr\u00e9s \u00e0 trouver une solution \u00e0 la crise\u00a0\u00bb, r\u00e9v\u00e8le Bouy\u00e9. Il s&lsquo;est dit d\u00e9\u00e7u que Dioncounda, Cheick Modibo et le capitaine Sanogo prennent des d\u00e9cisions \u00e0 leurs seules convenances. Il a appel\u00e9 chacun \u00e0 travailler pour l&rsquo;int\u00e9r\u00eat du peuple. Parlant des occupants du nord, le ch\u00e9rif a point\u00e9 du doigt ATT comme celui qui a ouvert les fronti\u00e8res aux bandits arm\u00e9s. Quant \u00e0 la venue d&rsquo;une force militaire \u00e9trang\u00e8re sur le sol malien, il dit avoir fait part de son opposition \u00e0 Dioncounda, au Premier ministre et \u00e0 Sanogo. \u00ab\u00a0J&rsquo;ai aussi envoy\u00e9 des \u00e9missaires \u00e0 2 chefs d&rsquo;Etat de la CEDEAO pour leur exprimer mon refus quant au d\u00e9ploiement d&rsquo;une force \u00e9trang\u00e8re sur notre territoire. Un d&rsquo;eux m&rsquo;a envoy\u00e9 sa r\u00e9ponse, l&rsquo;autre pas encore\u00a0\u00bb, a d\u00e9clar\u00e9 Bouy\u00e9. Le ch\u00e9rif n&rsquo;est toutefois pas favorable \u00e0la guerre. Il privil\u00e9gie la voie du dialogue car convaincu que la guerre n&rsquo;apporte que d\u00e9solation. Il a appel\u00e9 les forces de s\u00e9curit\u00e9 \u00e0 reprendre confiance car le peuple a toujours confiance en elles. L&rsquo;orateur a termin\u00e9 son propos par des b\u00e9n\u00e9dictions \u00e0 l&rsquo;assistance et au Mali.<\/p>\n<p> \tsource:le veridique<\/p>\n","protected":false},"excerpt":{"rendered":"<p>\u00a0 Le Cherif de Nioro, Mohamed Ould Cheichn\u00e8 dit Bouy\u00e9, a donn\u00e9 sa position sur la crise que le Mali traverse. C&rsquo;\u00e9tait samedi 8 d\u00e9cembre \u00e0 son domicile sis \u00e0 l&rsquo;Hippodrome, en pr\u00e9sence de milliers d&rsquo;hamallistes, ses disciples religieux. Le Ch\u00e9rif a adress\u00e9 ses remerciements \u00e0 tous ceux qui ont effectu\u00e9 le\u00a0d\u00e9placement pour venir l&rsquo;\u00e9couter. &hellip;<\/p>\n","protected":false},"author":1,"featured_media":0,"comment_status":"open","ping_status":"open","sticky":false,"template":"","format":"standard","meta":{"footnotes":""},"categories":[20],"tags":[],"class_list":["post-1088","post","type-post","status-publish","format-standard","hentry","category-francais-francais"],"_links":{"self":[{"href":"https:\/\/www.azzaman.info\/index.php?rest_route=\/wp\/v2\/posts\/1088","targetHints":{"allow":["GET"]}}],"collection":[{"href":"https:\/\/www.azzaman.info\/index.php?rest_route=\/wp\/v2\/posts"}],"about":[{"href":"https:\/\/www.azzaman.info\/index.php?rest_route=\/wp\/v2\/types\/post"}],"author":[{"embeddable":true,"href":"https:\/\/www.azzaman.info\/index.php?rest_route=\/wp\/v2\/users\/1"}],"replies":[{"embeddable":true,"href":"https:\/\/www.azzaman.info\/index.php?rest_route=%2Fwp%2Fv2%2Fcomments&post=1088"}],"version-history":[{"count":0,"href":"https:\/\/www.azzaman.info\/index.php?rest_route=\/wp\/v2\/posts\/1088\/revisions"}],"wp:attachment":[{"href":"https:\/\/www.azzaman.info\/index.php?rest_route=%2Fwp%2Fv2%2Fmedia&parent=1088"}],"wp:term":[{"taxonomy":"category","embeddable":true,"href":"https:\/\/www.azzaman.info\/index.php?rest_route=%2Fwp%2Fv2%2Fcategories&post=1088"},{"taxonomy":"post_tag","embeddable":true,"href":"https:\/\/www.azzaman.info\/index.php?rest_route=%2Fwp%2Fv2%2Ftags&post=1088"}],"curies":[{"name":"wp","href":"https:\/\/api.w.org\/{rel}","templated":true}]}}