{"id":12540,"date":"2017-08-24T12:09:01","date_gmt":"2017-08-24T11:09:01","guid":{"rendered":"http:\/\/azzaman.info\/wordpress\/2017\/08\/24\/reportage-annonce-du-comite-de-soutien-au-senateur-mohamed-ould-ghadda-video-a-photoreportage\/"},"modified":"2017-08-24T12:09:01","modified_gmt":"2017-08-24T11:09:01","slug":"reportage-annonce-du-comite-de-soutien-au-senateur-mohamed-ould-ghadda-video-a-photoreportage","status":"publish","type":"post","link":"https:\/\/www.azzaman.info\/?p=12540","title":{"rendered":"REPORTAGE. Annonce du comit\u00e9 de soutien au s\u00e9nateur Mohamed Ould Ghadda [Vid\u00e9o &#038; PhotoReportage]"},"content":{"rendered":"<p> \t<img decoding=\"async\" alt=\"REPORTAGE. Annonce du comit\u00e9 de soutien au s\u00e9nateur Mohamed Ould Ghadda [Vid\u00e9o &#038; PhotoReportage] \" src=\"http:\/\/cridem.org\/media\/photos\/photo\/ghadda_IMG_9168.JPG\" \/>Me\u00a0Bouhoubeiny, avocat du s\u00e9nateur\u00a0Mohamed Ould Ghadda, a vigoureusement d\u00e9nonc\u00e9 mardi la pers\u00e9cution des opposants au pouvoir du pr\u00e9sident\u00a0Ould Abdel Aziz. &#8220;La r\u00e9alit\u00e9 est l\u00e0 : aujourd&rsquo;hui, on pers\u00e9cute les opposants et on essaie de les intimider avec des proc\u00e9d\u00e9s qui ne r\u00e9pondent \u00e0 rien du tout aux proc\u00e9dures normales&#8221;, a affirm\u00e9 Me\u00a0Bouhoubeiny, en marge de l&rsquo;annonce au si\u00e8ge du FONADH du comit\u00e9 de soutien au s\u00e9nateur\u00a0Mohamed Ould Ghadda, arr\u00eat\u00e9 depuis le 11 ao\u00fbt dernier.<\/p>\n<p>  <!--more-->  <\/p>\n<p> \tDevant un parterre de personnalit\u00e9s politiques, syndicales et des activistes des droits de l&rsquo;Homme, Me\u00a0Bouhoubeiny\u00a0a rench\u00e9ri, en pointant du doigt les dysfonctionnements constat\u00e9s lors de l&rsquo;arrestation du s\u00e9nateur\u00a0Ould Ghadda\u00a0:\u00a0 &#8220;En\u00a0Mauritanie, il y&rsquo;a une r\u00e8gle. Il faut la comprendre. On arr\u00eate quelqu&rsquo;un et apr\u00e8s on cherche \u00e0 monter le dossier. Qu&rsquo;est-ce qu&rsquo;il a fait ? Ce n&rsquo;est pas quelque chose qu&rsquo;on a quand on l&rsquo;arr\u00eate. Qu&rsquo;est-ce qu&rsquo;on lui reproche ? C&rsquo;est quelque chose qu&rsquo;on va monter et qui peut changer. C&rsquo;est pour cela qu&#8217;Ould Ghadda\u00a0\u00e9tait d&rsquo;abord \u00e0 la s\u00fbret\u00e9, apr\u00e8s \u00e0 la gendarmerie, puis \u00e0 la police \u00e9conomique. Donc, on va essayer de lui monter un dossier. Les droits de Ould Ghadda n&rsquo;ont pas \u00e9t\u00e9 respect\u00e9s, sa famille ne l&rsquo;a pas encore vu jusqu&rsquo;\u00e0 pr\u00e9sent, alors que c&rsquo;est un droit.&#8221; Me\u00a0Bouhoubeiny\u00a0a affirm\u00e9 que son client \u00e9tait fin pr\u00eat \u00e0 un proc\u00e8s, avant d&rsquo;annoncer dans la foul\u00e9e la mise sur pied d&rsquo;un collectif d&rsquo;avocats pour d\u00e9fendre le s\u00e9nateur\u00a0Mohamed Ould Ghadda, en cas de proc\u00e8s. Moussa Fall,\u00a0pr\u00e9sident du Mouvement pour le changement d\u00e9mocratique (Mcd) et membre du Forum national pour la d\u00e9mocratie et l&rsquo;unit\u00e9 (Fndu), un front anti-Aziz, estime que l&rsquo;arrestation de\u00a0Ould Ghadda\u00a0constitue\u00a0&#8220;un cas extr\u00eamement flagrant de d\u00e9lit&#8221;. &#8220;Je pense que c&rsquo;est un cas qui demande une mobilisation particuli\u00e8re pour barrer la route \u00e0 cette d\u00e9rive dictatoriale que le r\u00e9gime de\u00a0Mohamed Ould Abdel Aziz\u00a0est en train de prendre&#8221;, a estim\u00e9 M.\u00a0Fall.\u00a0 Biram Dah Abeid, pr\u00e9sident d&rsquo;IRA-Mauritanie, a la m\u00eame analyse.\u00a0&#8220;Toutes les forces vives, tous les courants d\u00e9mocratiques et des droits de l&rsquo;Homme doivent s&rsquo;\u00e9lever comme un seul homme pour faire barrage \u00e0 cette tentative d&rsquo;\u00e9craser l&rsquo;aspiration du peuple mauritanien en ce moment pr\u00e9cis et historique, \u00e0 travers l&rsquo;\u00e9crasement de\u00a0Mohamed Ould Ghadda&#8221;, a estim\u00e9 M.\u00a0ABEID. &#8220;Ould Ghadda\u00a0d\u00e9tient des informations extr\u00eamement compromettantes contre le pouvoir de\u00a0Ould Abdel Aziz, ce qui explique son arrestation. C&rsquo;est ce qui explique aussi que le pouvoir a voulu le soustraire de sa libert\u00e9&#8221;,\u00a0a martel\u00e9 la s\u00e9natrice\u00a0Malouma Mint Meidah,\u00a0qui s&rsquo;est elle aussi illustrer contre le r\u00e9f\u00e9rendum du 5 aout.\u00a0 Amin\u00e9tou Mint Ely, pr\u00e9sidente de l&rsquo;Association des femmes chefs de famille (AFCF), a appel\u00e9 de ses v&oelig;ux \u00e0 faire face au pouvoir de\u00a0Mohamed Ould Abdel Aziz. &#8220;Depuis, un certain temps, nous vivons un recul des libert\u00e9s d&rsquo;expression, un recul de la d\u00e9mocratie. Notre devoir aujourd&rsquo;hui, c&rsquo;est de mettre \u00e0 nu les politiques de\u00a0Mohamed Ould Abdel Aziz&#8221;, a d\u00e9clar\u00e9 Mme\u00a0Mint Ely, ajoutant que\u00a0Ould Ghadda&#8221;est une victime de plus du pouvoir r\u00e9pressif de\u00a0Mohamed Ould Abdel Aziz&#8221;. Pour\u00a0Boubacar Ould Messaaoud,\u00a0opposition comme activistes des droits de l&rsquo;homme, ils doivent inscrire leur d\u00e9marche dans une perspective de changement, au-del\u00e0 de la mobilisation de soutien au s\u00e9nateur\u00a0Ould Ghadda.\u00a0&#8220;Notre lutte, elle doit \u00eatre une lutte contre le changement&#8221;, mart\u00e8le-t-il.\u00a0 La rencontre qui a connu quelques tumultes s&rsquo;est termin\u00e9e par la lecture d&#8217;une d\u00e9claration exigeant la\u00a0&#8220;lib\u00e9ration imm\u00e9diate et sans condition&#8221;\u00a0du s\u00e9nateur\u00a0Ould Ghadda. Par\u00a0Babacar Baye NDIAYE \u00a9Cridem 2017\u00a0 &#8212;&#8212; \u00a0<\/p>\n<p> \tAvec Cridem, comme si\u00a0<img decoding=\"async\" src=\"http:\/\/cridem.org\/media\/photos\/photo\/ghadda_IMG_9177.JPG\" \/>y \u00e9tiez&#8230; <img decoding=\"async\" src=\"http:\/\/cridem.org\/media\/photos\/photo\/ghadda_IMG_9138.JPG\" \/> <img decoding=\"async\" src=\"http:\/\/cridem.org\/media\/photos\/photo\/ghadda_IMG_9148.JPG\" \/> <img decoding=\"async\" src=\"http:\/\/cridem.org\/media\/photos\/photo\/ghadda_IMG_9151.JPG\" \/> <img decoding=\"async\" src=\"http:\/\/cridem.org\/media\/photos\/photo\/ghadda_IMG_9154.JPG\" \/> <img decoding=\"async\" src=\"http:\/\/cridem.org\/media\/photos\/photo\/ghadda_IMG_9155.JPG\" \/> <img decoding=\"async\" src=\"http:\/\/cridem.org\/media\/photos\/photo\/ghadda_IMG_9156.JPG\" \/> <img decoding=\"async\" src=\"http:\/\/cridem.org\/media\/photos\/photo\/ghadda_IMG_9164.JPG\" \/> <img decoding=\"async\" src=\"http:\/\/cridem.org\/media\/photos\/photo\/ghadda_IMG_9165.JPG\" \/><\/p>\n","protected":false},"excerpt":{"rendered":"<p>Me\u00a0Bouhoubeiny, avocat du s\u00e9nateur\u00a0Mohamed Ould Ghadda, a vigoureusement d\u00e9nonc\u00e9 mardi la pers\u00e9cution des opposants au pouvoir du pr\u00e9sident\u00a0Ould Abdel Aziz. &#8220;La r\u00e9alit\u00e9 est l\u00e0 : aujourd&rsquo;hui, on pers\u00e9cute les opposants et on essaie de les intimider avec des proc\u00e9d\u00e9s qui ne r\u00e9pondent \u00e0 rien du tout aux proc\u00e9dures normales&#8221;, a affirm\u00e9 Me\u00a0Bouhoubeiny, en marge de &hellip;<\/p>\n","protected":false},"author":1,"featured_media":0,"comment_status":"open","ping_status":"open","sticky":false,"template":"","format":"standard","meta":{"footnotes":""},"categories":[20],"tags":[],"class_list":["post-12540","post","type-post","status-publish","format-standard","hentry","category-francais-francais"],"_links":{"self":[{"href":"https:\/\/www.azzaman.info\/index.php?rest_route=\/wp\/v2\/posts\/12540","targetHints":{"allow":["GET"]}}],"collection":[{"href":"https:\/\/www.azzaman.info\/index.php?rest_route=\/wp\/v2\/posts"}],"about":[{"href":"https:\/\/www.azzaman.info\/index.php?rest_route=\/wp\/v2\/types\/post"}],"author":[{"embeddable":true,"href":"https:\/\/www.azzaman.info\/index.php?rest_route=\/wp\/v2\/users\/1"}],"replies":[{"embeddable":true,"href":"https:\/\/www.azzaman.info\/index.php?rest_route=%2Fwp%2Fv2%2Fcomments&post=12540"}],"version-history":[{"count":0,"href":"https:\/\/www.azzaman.info\/index.php?rest_route=\/wp\/v2\/posts\/12540\/revisions"}],"wp:attachment":[{"href":"https:\/\/www.azzaman.info\/index.php?rest_route=%2Fwp%2Fv2%2Fmedia&parent=12540"}],"wp:term":[{"taxonomy":"category","embeddable":true,"href":"https:\/\/www.azzaman.info\/index.php?rest_route=%2Fwp%2Fv2%2Fcategories&post=12540"},{"taxonomy":"post_tag","embeddable":true,"href":"https:\/\/www.azzaman.info\/index.php?rest_route=%2Fwp%2Fv2%2Ftags&post=12540"}],"curies":[{"name":"wp","href":"https:\/\/api.w.org\/{rel}","templated":true}]}}