{"id":15122,"date":"2018-08-16T02:05:23","date_gmt":"2018-08-16T01:05:23","guid":{"rendered":"http:\/\/azzaman.info\/?p=15122"},"modified":"2018-08-16T02:06:35","modified_gmt":"2018-08-16T01:06:35","slug":"crash-davion-a-dar-el-barka","status":"publish","type":"post","link":"https:\/\/www.azzaman.info\/?p=15122","title":{"rendered":"Crash d\u2019avion \u00e0 Dar El Barka"},"content":{"rendered":"<p>Mercredi 8 Ao\u00fbt, aux environs de 8 heures, un petit avion s&#8217;est \u00e9cras\u00e9 pr\u00e8s de Diatar, une localit\u00e9 de l\u2019arrondissement de Dar El Barka (Bogh\u00e9). Une seule personne \u00e9tait \u00e0 bord et est morte sur le coup. Il s&#8217;agit d&#8217;un citoyen fran\u00e7ais, Boris Jean Jos\u00e9 Ucum, n\u00e9 le 25 D\u00e9cembre 1952. Il travaillait pour le compte d&#8217;une soci\u00e9t\u00e9 s\u00e9n\u00e9galaise engag\u00e9e dans la lutte anti-aviaire, bas\u00e9e \u00e0 Podor, une ville situ\u00e9e sur la rive gauche du fleuve. Aussit\u00f4t inform\u00e9es, les autorit\u00e9s administratives, judiciaires et s\u00e9curitaires (le chef d&#8217;arrondissement de Dar El Barka, le m\u00e9decin-chef de Bogh\u00e9, le procureur de la R\u00e9publique et le commandant de la zone Sud de la gendarmerie) se sont d\u00e9plac\u00e9es sur les lieux du crash. Le corps du pilote fran\u00e7ais a \u00e9t\u00e9 achemin\u00e9 en ambulance, par le m\u00e9decin-chef de Bogh\u00e9, jusqu\u2019\u00e0 Rosso-Mauritanie o\u00f9 il a \u00e9t\u00e9 transf\u00e9r\u00e9 vers le S\u00e9n\u00e9gal voisin. Une mission de l&#8217;ASECNA et du minist\u00e8re de l&#8217;\u00c9quipement et des transports est d\u00e9p\u00each\u00e9e sur les lieux pour s&#8217;enqu\u00e9rir des circonstances de cet acciden<\/p>\n","protected":false},"excerpt":{"rendered":"<p>Mercredi 8 Ao\u00fbt, aux environs de 8 heures, un petit avion s&#8217;est \u00e9cras\u00e9 pr\u00e8s de Diatar, une localit\u00e9 de l\u2019arrondissement de Dar El Barka (Bogh\u00e9). Une seule personne \u00e9tait \u00e0 bord et est morte sur le coup. Il s&#8217;agit d&#8217;un citoyen fran\u00e7ais, Boris Jean Jos\u00e9 Ucum, n\u00e9 le 25 D\u00e9cembre 1952. Il travaillait pour le &hellip;<\/p>\n","protected":false},"author":1,"featured_media":15123,"comment_status":"open","ping_status":"open","sticky":false,"template":"","format":"standard","meta":{"footnotes":""},"categories":[20,13,27],"tags":[],"class_list":["post-15122","post","type-post","status-publish","format-standard","has-post-thumbnail","hentry","category-francais-francais","category-13","category-27"],"_links":{"self":[{"href":"https:\/\/www.azzaman.info\/index.php?rest_route=\/wp\/v2\/posts\/15122","targetHints":{"allow":["GET"]}}],"collection":[{"href":"https:\/\/www.azzaman.info\/index.php?rest_route=\/wp\/v2\/posts"}],"about":[{"href":"https:\/\/www.azzaman.info\/index.php?rest_route=\/wp\/v2\/types\/post"}],"author":[{"embeddable":true,"href":"https:\/\/www.azzaman.info\/index.php?rest_route=\/wp\/v2\/users\/1"}],"replies":[{"embeddable":true,"href":"https:\/\/www.azzaman.info\/index.php?rest_route=%2Fwp%2Fv2%2Fcomments&post=15122"}],"version-history":[{"count":0,"href":"https:\/\/www.azzaman.info\/index.php?rest_route=\/wp\/v2\/posts\/15122\/revisions"}],"wp:featuredmedia":[{"embeddable":true,"href":"https:\/\/www.azzaman.info\/index.php?rest_route=\/wp\/v2\/media\/15123"}],"wp:attachment":[{"href":"https:\/\/www.azzaman.info\/index.php?rest_route=%2Fwp%2Fv2%2Fmedia&parent=15122"}],"wp:term":[{"taxonomy":"category","embeddable":true,"href":"https:\/\/www.azzaman.info\/index.php?rest_route=%2Fwp%2Fv2%2Fcategories&post=15122"},{"taxonomy":"post_tag","embeddable":true,"href":"https:\/\/www.azzaman.info\/index.php?rest_route=%2Fwp%2Fv2%2Ftags&post=15122"}],"curies":[{"name":"wp","href":"https:\/\/api.w.org\/{rel}","templated":true}]}}