{"id":1516,"date":"2013-01-19T01:29:54","date_gmt":"2013-01-18T22:29:54","guid":{"rendered":"http:\/\/azzaman.info\/wordpress\/2013\/01\/19\/la-ue-mandara-en-febrero-una-mision-de-entrenamiento-en-mali-con-450-soldados\/"},"modified":"2013-01-19T01:29:54","modified_gmt":"2013-01-18T22:29:54","slug":"la-ue-mandara-en-febrero-una-mision-de-entrenamiento-en-mali-con-450-soldados","status":"publish","type":"post","link":"https:\/\/www.azzaman.info\/?p=1516","title":{"rendered":"La UE mandar\u00e1 en febrero una misi\u00f3n de entrenamiento en Mali con 450 soldados"},"content":{"rendered":"<p> \t<img decoding=\"async\" alt=\"alt\" src=\"http:\/\/estaticos01.cache.el-mundo.net\/elmundo\/imagenes\/2013\/01\/17\/union_europea\/1358431961_0.jpg\" \/><\/p>\n<p> \tLos ministros de Exteriores de la Uni\u00f3n Europea han acordado establecer una misi\u00f3n militar en Mali que\u00a0tendr\u00e1 como objetivo entrenar al ej\u00e9rcito maliense\u00a0y estar\u00e1 comandada por el General\u00a0Fran\u00e7ois Lecointre.<\/p>\n<p>  <!--more-->  <\/p>\n<p> \tEl equipo militar podr\u00eda ser desplegado a mediados de febrero y estar\u00e1 compuesto por\u00a0450 soldados, de los que 50 ser\u00e1n aportados por Espa\u00f1a, seg\u00fan ha adelantado el ministro espa\u00f1ol,\u00a0Jos\u00e9 Manuel Garc\u00eda Margallo.<\/p>\n<p> \tLa operaci\u00f3n se prolongar\u00e1 durante, al menos, 15 meses y ser\u00e1 costeada con\u00a012,3 millones de euros del presupuesto europeo.<\/p>\n<p> \tAl menos ocho pa\u00edses ya han confirmado su voluntad de participar en la misi\u00f3n:\u00a0Espa\u00f1a, Francia, Alemania, Italia, Suecia, Estonia, Eslovenia y B\u00e9lgica, que sumar\u00e1n a su apoyo militar para el entrenamiento del ej\u00e9rcito maliense una aportaci\u00f3n financiera para sufragar los costes<\/p>\n<p> \tLas conclusiones de la reuni\u00f3n celebrada esta ma\u00f1ana en Bruselas apoyan la &#8220;r\u00e1pida intervenci\u00f3n de Francia, apoyada por otros estados miembros&#8221; y condena los actos llevados a cabo por grupos terroristas contra las Fuerzas Armadas malienses.<\/p>\n<p> \tPor su parte, el ministro franc\u00e9s de Asuntos Exteriores,\u00a0Laurent Fabius, a su llegada a este consejo, hab\u00eda afirmado que\u00a0esperaba la &#8220;solidaridad&#8221; de los pa\u00edses de la UE\u00a0para acompa\u00f1ar la campa\u00f1a que lidera Francia contra los salafistas en el norte de Mali, al considerar que el terrorismo es un problema que afecta a todos.<\/p>\n<p> \t&#8220;Voy a ver lo que mis colegas est\u00e1n dispuestos a hacer para ayudar en todo eso porque hay que entender que, incluso si Francia es precursora, todos los pa\u00edses europeos se ven afectados por el terrorismo&#8221;, dijo.<\/p>\n<p> \tCr\u00edticas<\/p>\n<p> \tLa respuesta de la UE al conflicto en Mali ha provocado duras cr\u00edticas por parte del Parlamento Europeo y otros actores internacionales, que destacan la\u00a0falta de previsi\u00f3n de la diplomacia europea\u00a0sobre unos acontecimientos que llevaban gest\u00e1ndose desde hace meses y el escaso apoyo prestado a uno de sus socios.<\/p>\n<p> \tEl Consejo ha invitado a la Alta Representante de Pol\u00edtica Exterior y Seguridad Com\u00fan,\u00a0Catherine Ashton, a acelerar la preparaci\u00f3n de un apoyo log\u00edstico y financiero, en colaboraci\u00f3n con la Uni\u00f3n Africana.<\/p>\n<p> \tAs\u00ed mismo, la UE dice estar preparada &#8220;para establecer apoyo inmediato a las organizaciones humanitarias para asistir a las personas necesitadas en Mali&#8221;. Los ministros presentes hoy en Bruselas compartir\u00e1n parte de la reuni\u00f3n con su hom\u00f3logo maliense,\u00a0Tieman Hubert Coulibaly.<\/p>\n<p> \tEl titular espa\u00f1ol, Jos\u00e9 Manuel Garc\u00eda Margallo, ha asegurado que &#8220;en estos momentos no se contempla la participaci\u00f3n de fuerzas espa\u00f1olas en combate&#8221;, aunque ha defendido el apoyo que Espa\u00f1a ya ha dado a Francia con la autorizaci\u00f3n para que sus aviones sobrevuelen el espacio a\u00e9reo y con la aportaci\u00f3n de 50 hombres para la misi\u00f3n de entrenamiento. Adem\u00e1s, ha indicado que el Gobierno est\u00e1 sopesando prestar un avi\u00f3n de la fuerza a\u00e9rea espa\u00f1ola.<\/p>\n<p> \tMargallo ha defendido el &#8220;inter\u00e9s que Espa\u00f1a tiene en lo que est\u00e1 ocurriendo en Mali&#8221; y ha prestado su apoyo a Francia porque &#8220;ha intervenido en virtud de una resoluci\u00f3n de la ONU\u00a0y de la petici\u00f3n de ayuda del Gobierno maliense, as\u00ed que se cumplen todos los requisitos de legalidad internacional que el Gobierno exige&#8221;.<\/p>\n<p> \tEspa\u00f1a ha planteado en la reuni\u00f3n que se apruebe una extensi\u00f3n de la misi\u00f3n que tiene en Niger para prestar apoyo log\u00edstico y garantizar la seguridad de las fronteras de los pa\u00edses m\u00e1s d\u00e9biles, como Mauritania.<\/p>\n<p> \tEl ministro tambi\u00e9n ha reconocido que Espa\u00f1a, &#8220;como todo occidente, est\u00e1 en el punto de mira de los islamistas radicales desde hace mucho tiempo&#8221;.\u00a0&#8220;Espa\u00f1a es de los m\u00e1s amenazados por razones de proximidad&#8221;, ha dicho a su llegada a la reuni\u00f3n.<\/p>\n<p> \tsource:elmundo<\/p>\n","protected":false},"excerpt":{"rendered":"<p>Los ministros de Exteriores de la Uni\u00f3n Europea han acordado establecer una misi\u00f3n militar en Mali que\u00a0tendr\u00e1 como objetivo entrenar al ej\u00e9rcito maliense\u00a0y estar\u00e1 comandada por el General\u00a0Fran\u00e7ois Lecointre. El equipo militar podr\u00eda ser desplegado a mediados de febrero y estar\u00e1 compuesto por\u00a0450 soldados, de los que 50 ser\u00e1n aportados por Espa\u00f1a, seg\u00fan ha adelantado &hellip;<\/p>\n","protected":false},"author":1,"featured_media":0,"comment_status":"open","ping_status":"open","sticky":false,"template":"","format":"standard","meta":{"footnotes":""},"categories":[16],"tags":[],"class_list":["post-1516","post","type-post","status-publish","format-standard","hentry","category-espanol-espanol"],"_links":{"self":[{"href":"https:\/\/www.azzaman.info\/index.php?rest_route=\/wp\/v2\/posts\/1516","targetHints":{"allow":["GET"]}}],"collection":[{"href":"https:\/\/www.azzaman.info\/index.php?rest_route=\/wp\/v2\/posts"}],"about":[{"href":"https:\/\/www.azzaman.info\/index.php?rest_route=\/wp\/v2\/types\/post"}],"author":[{"embeddable":true,"href":"https:\/\/www.azzaman.info\/index.php?rest_route=\/wp\/v2\/users\/1"}],"replies":[{"embeddable":true,"href":"https:\/\/www.azzaman.info\/index.php?rest_route=%2Fwp%2Fv2%2Fcomments&post=1516"}],"version-history":[{"count":0,"href":"https:\/\/www.azzaman.info\/index.php?rest_route=\/wp\/v2\/posts\/1516\/revisions"}],"wp:attachment":[{"href":"https:\/\/www.azzaman.info\/index.php?rest_route=%2Fwp%2Fv2%2Fmedia&parent=1516"}],"wp:term":[{"taxonomy":"category","embeddable":true,"href":"https:\/\/www.azzaman.info\/index.php?rest_route=%2Fwp%2Fv2%2Fcategories&post=1516"},{"taxonomy":"post_tag","embeddable":true,"href":"https:\/\/www.azzaman.info\/index.php?rest_route=%2Fwp%2Fv2%2Ftags&post=1516"}],"curies":[{"name":"wp","href":"https:\/\/api.w.org\/{rel}","templated":true}]}}