{"id":1564,"date":"2013-01-23T02:30:17","date_gmt":"2013-01-22T23:30:17","guid":{"rendered":"http:\/\/azzaman.info\/wordpress\/2013\/01\/23\/la-caceria-etnica-ha-comenzado\/"},"modified":"2013-01-23T02:30:17","modified_gmt":"2013-01-22T23:30:17","slug":"la-caceria-etnica-ha-comenzado","status":"publish","type":"post","link":"https:\/\/www.azzaman.info\/?p=1564","title":{"rendered":"La cacer\u00eda \u00e9tnica ha comenzado"},"content":{"rendered":"<p> \t<img decoding=\"async\" alt=\"alt\" src=\"http:\/\/inesperadatravesia.files.wordpress.com\/2013\/01\/cadaver.jpg\" \/><\/p>\n<p> \tLo que hasta hace unos d\u00edas eran voces de alarma hoy se han convertido en evidencias visibles. Lo que era miedo hoy es una realidad. La cacer\u00eda \u00e9tnica ha comenzado. Se lleva a cabo de forma oculta, por la noche, en lugares apartados. El Ej\u00e9rcito franc\u00e9s dice que &ldquo;no hay ninguna evidencia&rdquo; y un alto mando maliense que &ldquo;no ha escuchado nada&rdquo;. Pero los habitantes de Sevar\u00e9, en el centro de Mal\u00ed, no son ciegos ni sordos. Y \u00faltimamente tampoco mudos. Empiezan a hablar de cosas que ocurren, de tiros en la cabeza, de pozos llenos de gente, de cad\u00e1veres en descampados.<\/p>\n<p>  <!--more-->  <\/p>\n<p> \tEl objetivo de esta represalia son las personas de origen \u00e1rabe, tuareg o incluso peules, habitantes del norte o extranjeros &ldquo;de piel clara&rdquo;. Se les acusa de colaboracionismo con los rebeldes tuaregs del MNLA o con los grupos islamistas radicales, se dice que son esp\u00edas o combatientes infiltrados. Y no hay juicio ni defensa posible. El alcalde de Mopti lo dec\u00eda claramente hace unos d\u00edas, &ldquo;se acab\u00f3 la tolerancia, todo sospechoso debe ser denunciado&rdquo;. La espiral de miedo y odios cruzados que genera la guerra y que parte de dos premisas falsas.<\/p>\n<p> \tPremisa uno. &ldquo;Todos los tuaregs son rebeldes&rdquo;. Esta afirmaci\u00f3n es, sencillamente, falsa. Conozco a muchos tuaregs que no simpatizan en absoluto con el MLNA, que rechazan sus t\u00e9cnicas, su manera de proceder y sus objetivos. Que les odian incluso. Pero da igual. Basta que vistas la ropa tradicional tuareg o que hables tamashek para convertirte en sospechoso. Sobre toda una etnia recae la acusaci\u00f3n de haber desestabilizado a todo el pa\u00eds cuando el 17 de enero de 2012 fueron solo unos pocos miles los que se alzaron en armas contra su Gobierno.<\/p>\n<p> \tPremisa dos. &ldquo;Todo \u00e1rabe de piel clara es un terrorista&rdquo;. Tan falsa como la anterior. Los ciudadanos del norte peules o de origen \u00e1rabe est\u00e1n se\u00f1alados pese a que muchos de ellos, la inmensa mayor\u00eda, han sufrido con la llegada de los yihadistas todo tipo de abusos y arbitrariedades. Reprimidos por unos, reprimidos por otros. \u00bfSe puede imaginar peor destino? Muchos est\u00e1n ahora abandonando las ciudades del norte porque creen que lo que est\u00e1 por venir ser\u00e1 a\u00fan peor que lo que ha venido hasta ahora.<\/p>\n<p> \tLos norte\u00f1os se afeitan la barba, guardan sus ropas tradicionales e intentan salir lo menos posible a la calle. En Mopti y Sevar\u00e9, a partir de las nueve hay toque de queda y la noche ampara todo tipo de abusos. Amnist\u00eda Internacional, la Federaci\u00f3n Internacional de Derechos Humanos y Human Rights Watch ya hablan sin tapujos de testimonios y pruebas de que esto est\u00e1 ocurriendo. Y se\u00f1alan directamente al Ej\u00e9rcito de Mal\u00ed. A mi modo de ver, la mejor prueba es la foto que acompa\u00f1a este art\u00edculo y que fue tomada por una compa\u00f1era periodista en mi presencia. Me hablaron mucho, pero antes de publicar nada prefer\u00ed verlo con mis propios ojos. Y all\u00ed estaba. Un cad\u00e1ver semienterrado del que s\u00f3lo asomaban sus nalgas y su brazo izquierdo. Lo cont\u00e9 en este\u00a0<a href=\"http:\/\/internacional.elpais.com\/internacional\/2013\/01\/20\/actualidad\/1358705132_145342.html\">art\u00edculo<\/a>\u00a0publicado este lunes en El Pa\u00eds.<\/p>\n<p> \tLa actitud que Francia est\u00e1 mostrando hacia esta suerte de cacer\u00eda \u00e9tnica es por ahora, lamentable. &ldquo;No hay evidencias&rdquo;, dec\u00eda un portavoz del Ej\u00e9rcito galo. Igual si los soldados franceses salen a las calles de Sevar\u00e9, caminan un poco, escuchan a la gente y abren un poco los ojos, cambian de opini\u00f3n. Quiz\u00e1s a\u00fan se est\u00e9 a tiempo de parar esto, de impedir que el af\u00e1n de venganza se lleve a m\u00e1s inocentes por delante. Otra cosa es que esto les interese lo m\u00e1s m\u00ednimo. As\u00ed es la guerra, piensan muchos.<\/p>\n<p> \tEsto en Mopti. Pero, \u00bfy en las zonas de combates?, \u00bfqu\u00e9 est\u00e1 pasando? La cobertura telef\u00f3nica est\u00e1 cortada y el Ej\u00e9rcito maliense ha tejido una tupida mara\u00f1a de controles que impiden el acceso a las verdaderas zonas de guerra. S\u00f3lo abren las puertas cuando todo est\u00e1 &ldquo;limpio&rdquo;, cuando los muertos han sido retirados. Hace ya unos cuantos d\u00edas que Konna fue liberada, pero no dejan pasar a los periodistas ni a las organizaciones humanitarias. &ldquo;No hemos hecho prisioneros&rdquo;, asegura un coronel maliense. \u00bfA qu\u00e9 les suena? M\u00e9dicos sin Fronteras lleva una semana intent\u00e1ndolo sin \u00e9xito. Los limpiadores se toman su tiempo y no quieren testigos.<\/p>\n<p> \tsource:<a href=\"http:\/\/inesperadatravesia.files.wordpress.com\/2013\/01\/cadaver.jpg\">inesperadatravesia<\/a><\/p>\n","protected":false},"excerpt":{"rendered":"<p>Lo que hasta hace unos d\u00edas eran voces de alarma hoy se han convertido en evidencias visibles. Lo que era miedo hoy es una realidad. La cacer\u00eda \u00e9tnica ha comenzado. Se lleva a cabo de forma oculta, por la noche, en lugares apartados. El Ej\u00e9rcito franc\u00e9s dice que &ldquo;no hay ninguna evidencia&rdquo; y un alto &hellip;<\/p>\n","protected":false},"author":1,"featured_media":0,"comment_status":"open","ping_status":"open","sticky":false,"template":"","format":"standard","meta":{"footnotes":""},"categories":[16],"tags":[],"class_list":["post-1564","post","type-post","status-publish","format-standard","hentry","category-espanol-espanol"],"_links":{"self":[{"href":"https:\/\/www.azzaman.info\/index.php?rest_route=\/wp\/v2\/posts\/1564","targetHints":{"allow":["GET"]}}],"collection":[{"href":"https:\/\/www.azzaman.info\/index.php?rest_route=\/wp\/v2\/posts"}],"about":[{"href":"https:\/\/www.azzaman.info\/index.php?rest_route=\/wp\/v2\/types\/post"}],"author":[{"embeddable":true,"href":"https:\/\/www.azzaman.info\/index.php?rest_route=\/wp\/v2\/users\/1"}],"replies":[{"embeddable":true,"href":"https:\/\/www.azzaman.info\/index.php?rest_route=%2Fwp%2Fv2%2Fcomments&post=1564"}],"version-history":[{"count":0,"href":"https:\/\/www.azzaman.info\/index.php?rest_route=\/wp\/v2\/posts\/1564\/revisions"}],"wp:attachment":[{"href":"https:\/\/www.azzaman.info\/index.php?rest_route=%2Fwp%2Fv2%2Fmedia&parent=1564"}],"wp:term":[{"taxonomy":"category","embeddable":true,"href":"https:\/\/www.azzaman.info\/index.php?rest_route=%2Fwp%2Fv2%2Fcategories&post=1564"},{"taxonomy":"post_tag","embeddable":true,"href":"https:\/\/www.azzaman.info\/index.php?rest_route=%2Fwp%2Fv2%2Ftags&post=1564"}],"curies":[{"name":"wp","href":"https:\/\/api.w.org\/{rel}","templated":true}]}}