{"id":1947,"date":"2013-02-27T14:13:03","date_gmt":"2013-02-27T11:13:03","guid":{"rendered":"http:\/\/azzaman.info\/wordpress\/2013\/02\/27\/margallo-viaja-a-niger-mali-y-mauritania-para-pulsar-la-situacion-de-la-region\/"},"modified":"2013-02-27T14:13:03","modified_gmt":"2013-02-27T11:13:03","slug":"margallo-viaja-a-niger-mali-y-mauritania-para-pulsar-la-situacion-de-la-region","status":"publish","type":"post","link":"https:\/\/www.azzaman.info\/?p=1947","title":{"rendered":"Margallo viaja a N\u00edger, Mali y Mauritania para pulsar la situaci\u00f3n de la regi\u00f3n"},"content":{"rendered":"<p> \t<img decoding=\"async\" alt=\"Garc\u00eda-Margallo, junto a Soraya S\u00e1enz de Santamar\u00eda, ayer en el Congreso. | Efe\" src=\"http:\/\/estaticos01.cache.el-mundo.net\/elmundo\/imagenes\/2013\/02\/22\/espana\/1361537032_0.jpg\" \/><\/p>\n<p> \tEl ministro de Asuntos Exteriores y de Cooperaci\u00f3n,\u00a0<a href=\"http:\/\/www.elmundo.es\/elmundo\/tags\/ad\/jm-garcia-margallo.html\">Jos\u00e9 Manuel Garc\u00eda-Margallo<\/a>, pondr\u00e1 rumbo este viernes a N\u00edger, donde ma\u00f1ana comenzar\u00e1 una gira africana que tambi\u00e9n le llevar\u00e1 a Mali y a Mauritania, con el objetivo doble de\u00a0pulsar la situaci\u00f3n en la regi\u00f3n\u00a0tras la intervenci\u00f3n europea para frenar el avance de los islamistas radicales y para poner en valor la ayuda al desarrollo que Espa\u00f1a mantiene en la zona, han informado fuentes diplom\u00e1ticas.<\/p>\n<p>  <!--more-->  <\/p>\n<p> \tEn todas las capitales el jefe de la diplomacia espa\u00f1ola tiene previstosencuentros con los presidentes, primeros ministros y los titulares de la cartera de Exteriores.<\/p>\n<p> \tCon todos ellos podr\u00e1 abordar la actual crisis en Mal\u00ed y el deterioro de la situaci\u00f3n de seguridad en el Sahel, donde, tal y como ha insistido el propio Garc\u00eda-Margallo, ha proliferado una\u00a0amenaza &#8220;extraordinariamente grave&#8221; por el avance de los yihadistas.<\/p>\n<p> \tEl viaje de Garc\u00eda-Margallo se producir\u00e1 pocos d\u00edas despu\u00e9s de que la Uni\u00f3n Europea haya lanzado formalmente la\u00a0<a href=\"http:\/\/www.elmundo.es\/elmundo\/2013\/01\/17\/union_europea\/1358431961.html\">misi\u00f3n de entrenamiento\u00a0<\/a>con la que pretende ayudar al Ej\u00e9rcito de Mal\u00ed a tomar el control de su territorio, despu\u00e9s de que Francia interviniese el pasado enero para frenar a los islamistas radicales, que estaban avanzando hacia la capital, Bamako.<\/p>\n<p> \tEspa\u00f1a participa en la operaci\u00f3n francesa con un\u00a0<a href=\"http:\/\/www.elmundo.es\/elmundo\/2013\/01\/29\/espana\/1359484098.html\">avi\u00f3n de transporte militar<\/a>y\u00a0<a href=\"http:\/\/www.elmundo.es\/elmundo\/2013\/01\/15\/espana\/1358259953.html\">medio centenar de militares\u00a0<\/a>y tambi\u00e9n lo har\u00e1 con la misi\u00f3n de entrenamiento, para la que ha comprometido un m\u00e1ximo de 50 efectivos.<\/p>\n<p> \tAunque en un principio el Gobierno asegur\u00f3 que s\u00f3lo participar\u00eda con instructores, el Ministerio de Defensa tambi\u00e9n ha ofrecido\u00a0contribuir a la fuerza de protecci\u00f3n\u00a0que debe garantizar su seguridad, una posibilidad que todav\u00eda no se ha cerrado.<\/p>\n<p> \tDos oficiales de Tierra<\/p>\n<p> \tEn Bamako hay ya dos oficiales del Ej\u00e9rcito de Tierra, que viajaron a Mali el pasado 8 de febrero con la avanzadilla de 70 efectivos encargada de preparar el\u00a0lanzamiento de la misi\u00f3n sobre el terreno. En esta ciudad, el ministro de Exteriores tiene previsto reunirse con un coronel que le informar\u00e1 de los progresos de la misi\u00f3n.<\/p>\n<p> \tUn d\u00eda antes, en N\u00edger, el ministro tambi\u00e9n se entrevistar\u00e1 con el jefe de la misi\u00f3n de entrenamiento EUCAP Sahel-N\u00edger, el general de brigada de la Guardia Civil Francisco Espinosa Navas, que lidera esta operaci\u00f3n que los Veintisiete lanzaron el pasado mes de agosto en este pa\u00eds para reforzar la capacidad de las autoridades locales frente al terrorismo y el crimen organizado.<\/p>\n<p> \tImportancia de la cooperaci\u00f3n espa\u00f1ola<\/p>\n<p> \tAdem\u00e1s de estas cuestiones, el ministro tambi\u00e9n aprovechar\u00e1 sus reuniones al m\u00e1s alto nivel para\u00a0pasar revista a las relaciones bilaterales, con una particular atenci\u00f3n en la cooperaci\u00f3n espa\u00f1ola que nuestro pa\u00eds desarrolla en la zona.<\/p>\n<p> \tEspa\u00f1a ya ha anunciado que reanudar\u00e1 la\u00a0cooperaci\u00f3n al desarrollo con Mali, suspendida desde marzo pasado en protesta por el golpe de Estado contra el presidente Amadou Toumani Tour\u00e9. Entre 2009 y 2012, Espa\u00f1a ven\u00eda donando a Mali unos 37 millones de euros por a\u00f1o.<\/p>\n<p> \tAdem\u00e1s, los tres pa\u00edses que visitar\u00e1 Garc\u00eda Margallo continuar\u00e1n siendoobjetivo de la cooperaci\u00f3n espa\u00f1ola\u00a0en el Plan Director 2013-2016, que ha reducido m\u00e1s de un 50% los pa\u00edses en los que concentrar\u00e1 sus esfuerzos de ayuda oficial al desarrollo.<\/p>\n<p> \tEn concreto N\u00edger, Mal\u00ed y Mauritania son tres de los 23 pa\u00edses a los que se ha reducido la cooperaci\u00f3n, desde los 50 del anterior plan director.<\/p>\n","protected":false},"excerpt":{"rendered":"<p>El ministro de Asuntos Exteriores y de Cooperaci\u00f3n,\u00a0Jos\u00e9 Manuel Garc\u00eda-Margallo, pondr\u00e1 rumbo este viernes a N\u00edger, donde ma\u00f1ana comenzar\u00e1 una gira africana que tambi\u00e9n le llevar\u00e1 a Mali y a Mauritania, con el objetivo doble de\u00a0pulsar la situaci\u00f3n en la regi\u00f3n\u00a0tras la intervenci\u00f3n europea para frenar el avance de los islamistas radicales y para poner &hellip;<\/p>\n","protected":false},"author":1,"featured_media":0,"comment_status":"open","ping_status":"open","sticky":false,"template":"","format":"standard","meta":{"footnotes":""},"categories":[16],"tags":[],"class_list":["post-1947","post","type-post","status-publish","format-standard","hentry","category-espanol-espanol"],"_links":{"self":[{"href":"https:\/\/www.azzaman.info\/index.php?rest_route=\/wp\/v2\/posts\/1947","targetHints":{"allow":["GET"]}}],"collection":[{"href":"https:\/\/www.azzaman.info\/index.php?rest_route=\/wp\/v2\/posts"}],"about":[{"href":"https:\/\/www.azzaman.info\/index.php?rest_route=\/wp\/v2\/types\/post"}],"author":[{"embeddable":true,"href":"https:\/\/www.azzaman.info\/index.php?rest_route=\/wp\/v2\/users\/1"}],"replies":[{"embeddable":true,"href":"https:\/\/www.azzaman.info\/index.php?rest_route=%2Fwp%2Fv2%2Fcomments&post=1947"}],"version-history":[{"count":0,"href":"https:\/\/www.azzaman.info\/index.php?rest_route=\/wp\/v2\/posts\/1947\/revisions"}],"wp:attachment":[{"href":"https:\/\/www.azzaman.info\/index.php?rest_route=%2Fwp%2Fv2%2Fmedia&parent=1947"}],"wp:term":[{"taxonomy":"category","embeddable":true,"href":"https:\/\/www.azzaman.info\/index.php?rest_route=%2Fwp%2Fv2%2Fcategories&post=1947"},{"taxonomy":"post_tag","embeddable":true,"href":"https:\/\/www.azzaman.info\/index.php?rest_route=%2Fwp%2Fv2%2Ftags&post=1947"}],"curies":[{"name":"wp","href":"https:\/\/api.w.org\/{rel}","templated":true}]}}