{"id":198,"date":"2012-10-14T20:19:44","date_gmt":"2012-10-14T17:19:44","guid":{"rendered":"http:\/\/azzaman.info\/wordpress\/2012\/10\/14\/presidente-mauritano-herido-ingresa-a-un-hospital-militar-en-francia\/"},"modified":"2012-10-14T20:19:44","modified_gmt":"2012-10-14T17:19:44","slug":"presidente-mauritano-herido-ingresa-a-un-hospital-militar-en-francia","status":"publish","type":"post","link":"https:\/\/www.azzaman.info\/?p=198","title":{"rendered":"Presidente mauritano herido ingresa a un hospital militar en Francia"},"content":{"rendered":"<p> \t<img decoding=\"async\" alt=\"alt\" src=\"media\/images\/azizbl(1).JPG\" \/>El\u00a0presidente mauritano Mohamed Ould Abdel Aziz,\u00a0herido de bala\u00a0el s\u00e1bado en un &#8220;incidente&#8221; en que estuvo\u00a0involucrado el ej\u00e9rcito, fue\u00a0evacuado a Francia, donde fue admitido el domingo en el hospital de Percy, en Clamart (sur), indic\u00f3 el ministerio franc\u00e9s de Defensa.<\/p>\n<p>  <!--more-->  <\/p>\n<p> \tOuld Abdel Aziz, herido de bala el s\u00e1bado,\u00a0asegur\u00f3 que su operaci\u00f3n en Nuakchot &#8220;fue un \u00e9xito&#8221;, en una breve declaraci\u00f3n a los medios p\u00fablicos, poco antes de partir este domingo a Par\u00eds.<\/p>\n<p> \t&#8220;Con estas palabras, quiero tranquilizar a todos los ciudadanos mauritanos. Les aseguro que la operaci\u00f3n que me fue practicada ayer (s\u00e1bado) por la noche fue un \u00e9xito, gracias a la eficacia del equipo m\u00e9dico&#8221;, afirm\u00f3.<\/p>\n<p> \tEl presidente aparec\u00eda acostado y cubierto con una s\u00e1bana hasta el cuello, con la cabeza ligeramente levantada. Parec\u00eda p\u00e1lido pero se expresaba con una voz normal.<\/p>\n<p> \tOuld Abdel Aziz hab\u00eda indicado antes de su salida de Nuakchot que deb\u00eda ir a Par\u00edspara &#8220;cuidados complementarios&#8221;.<\/p>\n<p> \t&#8220;Quiero tranquilizarlos sobre mi estado de salud despu\u00e9s de este incidente cometido por error por una unidad del ej\u00e9rcito en una pista no asfaltada en los alrededores de la localidad de Tweila (40 km de Nuakchot)&#8221;, no hay &#8220;ning\u00fan problema, gracias a Dios&#8221;, concluy\u00f3.<\/p>\n<p> \tEl presidente mauritano sali\u00f3 de Nuakchot este domingo hacia las 09H30 locales (y GMT) rumbo a Par\u00eds.<\/p>\n<p> \tMohamed Ould Abdel Aziz, de 55 a\u00f1os, estaba\u00a0rodeado por el primer ministro, Moulaye Ould Mohamed Laghdhaf, y responsables civiles y militares de su r\u00e9gimen.<\/p>\n<p> \tEn Nuakchot circulaban informaciones no confirmadas de fuentes no oficiales o de medios privados que indicaban que\u00a0el presidente hab\u00eda sido herido en el brazo y\/o el abdomen.<\/p>\n<p> \tSeg\u00fan el gobierno mauritano, el presidente result\u00f3 &#8220;levemente&#8221; herido de bala el s\u00e1bado por la noche cerca de Nuakchot por un disparo hecho por error por un militar contra su comitiva, cuando regresaba de una excursi\u00f3n en el norte del pa\u00eds.<\/p>\n<p> \t&#8220;La unidad militar (que dispar\u00f3) no sab\u00eda que se trataba de la comitiva del presidente&#8221;, hab\u00eda indicado el ministro de Comunicaci\u00f3n.<\/p>\n<p> \tPoco antes, un responsable de seguridad mauritano indic\u00f3 que Ould Abdel Aziz fue&#8221;ligeramente herido en el brazo de un balazo, disparado por un hombre que le apunt\u00f3 directamente&#8221; cuando se encontraba en un autom\u00f3vil cerca de Nuakchot, pero que &#8220;su vida no est\u00e1 en peligro&#8221;.<\/p>\n<p> \t&#8220;Francia respondi\u00f3 favorablemente a la petici\u00f3n del gobierno mauritano para que Ould Abdel Aziz siga un tratamiento medico adaptado&#8221;, seg\u00fan un comunicado del ministerio franc\u00e9s de Defensa.<\/p>\n<p> \tEl presidente mauritano &#8220;fue evacuado hacia Francia para ser admitido en el hospital militar de Percy-Clamart, este domingo&#8221;, precis\u00f3 el ministerio.<\/p>\n<p> \tEl avi\u00f3n presidencial aterriz\u00f3 en la tarde con mucha discreci\u00f3n en el aeropuerto Orly Sud\u00a0y el presidente fue trasladado en un veh\u00edculo de bomberos, seg\u00fan una buena fuente.<\/p>\n<p> \t\u00a0 AFP |\u00a0<\/p>\n","protected":false},"excerpt":{"rendered":"<p>El\u00a0presidente mauritano Mohamed Ould Abdel Aziz,\u00a0herido de bala\u00a0el s\u00e1bado en un &#8220;incidente&#8221; en que estuvo\u00a0involucrado el ej\u00e9rcito, fue\u00a0evacuado a Francia, donde fue admitido el domingo en el hospital de Percy, en Clamart (sur), indic\u00f3 el ministerio franc\u00e9s de Defensa. Ould Abdel Aziz, herido de bala el s\u00e1bado,\u00a0asegur\u00f3 que su operaci\u00f3n en Nuakchot &#8220;fue un \u00e9xito&#8221;, &hellip;<\/p>\n","protected":false},"author":1,"featured_media":197,"comment_status":"open","ping_status":"open","sticky":false,"template":"","format":"standard","meta":{"footnotes":""},"categories":[16],"tags":[],"class_list":["post-198","post","type-post","status-publish","format-standard","has-post-thumbnail","hentry","category-espanol-espanol"],"_links":{"self":[{"href":"https:\/\/www.azzaman.info\/index.php?rest_route=\/wp\/v2\/posts\/198","targetHints":{"allow":["GET"]}}],"collection":[{"href":"https:\/\/www.azzaman.info\/index.php?rest_route=\/wp\/v2\/posts"}],"about":[{"href":"https:\/\/www.azzaman.info\/index.php?rest_route=\/wp\/v2\/types\/post"}],"author":[{"embeddable":true,"href":"https:\/\/www.azzaman.info\/index.php?rest_route=\/wp\/v2\/users\/1"}],"replies":[{"embeddable":true,"href":"https:\/\/www.azzaman.info\/index.php?rest_route=%2Fwp%2Fv2%2Fcomments&post=198"}],"version-history":[{"count":0,"href":"https:\/\/www.azzaman.info\/index.php?rest_route=\/wp\/v2\/posts\/198\/revisions"}],"wp:featuredmedia":[{"embeddable":true,"href":"https:\/\/www.azzaman.info\/index.php?rest_route=\/wp\/v2\/media\/197"}],"wp:attachment":[{"href":"https:\/\/www.azzaman.info\/index.php?rest_route=%2Fwp%2Fv2%2Fmedia&parent=198"}],"wp:term":[{"taxonomy":"category","embeddable":true,"href":"https:\/\/www.azzaman.info\/index.php?rest_route=%2Fwp%2Fv2%2Fcategories&post=198"},{"taxonomy":"post_tag","embeddable":true,"href":"https:\/\/www.azzaman.info\/index.php?rest_route=%2Fwp%2Fv2%2Ftags&post=198"}],"curies":[{"name":"wp","href":"https:\/\/api.w.org\/{rel}","templated":true}]}}