{"id":2169,"date":"2013-03-23T13:05:12","date_gmt":"2013-03-23T10:05:12","guid":{"rendered":"http:\/\/azzaman.info\/wordpress\/2013\/03\/23\/guerre-au-mali-les-services-francais-sur-les-dents\/"},"modified":"2013-03-23T13:05:12","modified_gmt":"2013-03-23T10:05:12","slug":"guerre-au-mali-les-services-francais-sur-les-dents","status":"publish","type":"post","link":"https:\/\/www.azzaman.info\/?p=2169","title":{"rendered":"Guerre au Mali : les services fran\u00e7ais sur les dents"},"content":{"rendered":"<p> \t<img decoding=\"async\" alt=\"Le ministre fran\u00e7ais de la D\u00e9fense, Jean-Yves Le Drian, en visite \u00e0 Gao au Mali, le 7 mars.\" src=\"http:\/\/www.jeuneafrique.com\/photos\/032013\/008032013112818000000jsyyebhfkkl.jpg\" \/>&#8220;Nous avons fait un prisonnier fran\u00e7ais&#8221; au nord du Mali, a d\u00e9clar\u00e9 le ministre de la D\u00e9fense, Jean-Yves Le Drian, vendredi 8 mars sur la radio Europe 1. Existence d&#8217;une fili\u00e8re jihadiste en France, menaces contre les ressortissants fran\u00e7ais en Afrique : les services de s\u00e9curit\u00e9 de l&#8217;Hexagone sont en alerte maximum.<\/p>\n<p>  <!--more-->  <\/p>\n<p> \tLe jihadiste fran\u00e7ais fait prisonnier ces derniers jours dans la vall\u00e9e de l&#8217;Ametettai au Mali, \u00ab va \u00eatre extrad\u00e9 vers la France dans les moments qui viennent \u00bb, a d\u00e9clar\u00e9, vendredi 8 mars, <a href=\"http:\/\/www.jeuneafrique.com\/Article\/ARTJAWEB20130307184448\/mali-aqmi-armee-francaise-gaomali-a-gao-le-drian-salue-le-courage-des-militaires-francais.html\">Jean-Yves Le Drian, le ministre fran\u00e7ais de la d\u00e9fense<\/a>, sur la radio Europe 1, confirmant une information de Lib\u00e9ration. <a href=\"http:\/\/www.jeuneafrique.com\/Article\/ARTJAWEB20121108111704\/\">Un autre jihadiste fran\u00e7ais pr\u00e9sum\u00e9, arr\u00eat\u00e9 au Mali en novembre, Ibrahim Aziz Ouattara, qui poss\u00e8de aussi la nationalit\u00e9 malienne<\/a>, a quant lui \u00e9t\u00e9 expuls\u00e9 mardi vers la France et plac\u00e9 en garde \u00e0 vue, a-t-on appris jeudi de source judiciaire. L&#8217;homme est soup\u00e7onn\u00e9 d&#8217;avoir cherch\u00e9 \u00e0 rejoindre des groupes jihadistes op\u00e9rant dans la r\u00e9gion.<\/p>\n<p> \t\u00c2g\u00e9 de 25 ans, il avait \u00e9t\u00e9 interpell\u00e9 le 3 novembre par les autorit\u00e9s maliennes \u00e0 S\u00e9var\u00e9, dans le centre du pays, alors qu&#8217;il \u00e9tait sous le coup d&#8217;une mesure de contr\u00f4le judiciaire d\u00e9cid\u00e9e en France dans une autre affaire antiterroriste, lui interdisant de quitter le territoire. N\u00e9 en janvier 1988 \u00e0 Aubervilliers, en banlieue parisienne, Ibrahim Aziz Ouattara avait \u00e9t\u00e9 mis en examen en novembre 2010 dans le cadre d&#8217;une instruction ouverte sur des soup\u00e7ons de projet d&#8217;attentat contre le recteur de la mosqu\u00e9e de Paris, Dalil Boubakeur.<\/p>\n<p> \t&#8220;Fili\u00e8re terroriste&#8221;<\/p>\n<p> \tOuattara \u00e9tait entr\u00e9 au Mali en provenance de Lisbonne sous une fausse identit\u00e9, avec les papiers d&#8217;un certain Khalifa Dram\u00e9 qui a \u00e9t\u00e9 \u00e9galement plac\u00e9 en garde \u00e0 vue mardi matin dans les locaux de la Direction centrale du renseignement int\u00e9rieur (DCRI), pr\u00e8s de Paris, selon source judiciaire. Ces affaires montrent \u00ab qu&#8217;il y avait l\u00e0 la constitution d&#8217;une esp\u00e8ce de fili\u00e8re terroriste de guerre qui pouvait accueillir certains jeunes en qu\u00eate d&#8217;un destin radical comme certains ont pu aller auparavant en Afghanistan ou en Syrie \u00bb, a soulign\u00e9 Jean-Yves Le Drian.\u00a0<\/p>\n<p> \t<a href=\"http:\/\/www.jeuneafrique.com\/Article\/JA2705p040-042.xml0\/\">Les autorit\u00e9s fran\u00e7aises estiment qu&#8217;une dizaine de djihadistes fran\u00e7ais ou ayant une double nationalit\u00e9 sont partis au Sahel pour rejoindre des combattants islamistes<\/a>. \u00ab Ils sont peu nombreux, pour l&#8217;instant, nous n&#8217;en avons identifi\u00e9 que deux \u00bb, a assur\u00e9 Jean-Yves Le Drian. Plusieurs ont \u00e9t\u00e9 arr\u00eat\u00e9s dans la bande sah\u00e9lienne ces derniers mois, notamment <a href=\"http:\/\/www.jeuneafrique.com\/Article\/ARTJAWEB20121122180650\/\">C\u00e9dric Labo Ngoyi Bungenda, un Franco-Congolais de 27 ans, interpell\u00e9 en ao\u00fbt 2012 par la police nig\u00e9rienne<\/a>.<\/p>\n<p> \tMenaces d&#8217;attentat<\/p>\n<p> \tParis s&#8217;inqui\u00e8te de plus en plus des menaces contre la France li\u00e9es \u00e0 son intervention militaire. Dans son \u00e9dition dat\u00e9e du 8 mars, le journal Le Monde rapporte que dans les puces des t\u00e9l\u00e9phones abandonn\u00e9s dans l&#8217;Adrar par les combattants d&#8217;Aqmi, les services de renseignements s&#8217;int\u00e9ressent \u00e0 des num\u00e9ros d&#8217;appel venant de la France. Et jeudi \u00e0 Marseille, deux jeunes Fran\u00e7ais soup\u00e7onn\u00e9s de complot terroriste, de fabrication d&#8217;explosifs et d&#8217;activit\u00e9s extr\u00e9mistes sur Internet ont \u00e9t\u00e9 arr\u00eat\u00e9s. Ag\u00e9s de 18 et 20 ans, ils ont \u00e9t\u00e9 identifi\u00e9s comme des suspects sur la base de \u00ab messages jihadistes \u00bb et de consultation de sites Internet extr\u00e9mistes.<\/p>\n<p> \tOutre les possibles attentats en France, les services craignent \u00e9galement des repr\u00e9sailles dans l&#8217;un des pays africains o\u00f9 vit une importante communaut\u00e9 fran\u00e7aise. \u00ab Les deux endroits o\u00f9 \u00e7a peut cogner tr\u00e8s fort contre les Fran\u00e7ais, c&#8217;est la Tunisie <a href=\"http:\/\/www.jeuneafrique.com\/Article\/ARTJAWEB20130129142407\/\">et le S\u00e9n\u00e9gal<\/a> \u00bb, confie un expert de la lutte antiterroriste en Afrique. Le 22 f\u00e9vrier, l&#8217;ambassade des \u00c9tats-Unis \u00e0 Dakar a envoy\u00e9 par texto un message d&#8217;alerte aux ressortissants am\u00e9ricains et aux employ\u00e9s de l&#8217;ONU r\u00e9sidant au S\u00e9n\u00e9gal. Par crainte d&#8217;un attentat, elle leur conseillait de ne pas circuler dans le centre-ville et d&#8217;\u00e9viter de sortir de leurs bureaux.<\/p>\n<p> \tJeuneafrique<\/p>\n","protected":false},"excerpt":{"rendered":"<p>&#8220;Nous avons fait un prisonnier fran\u00e7ais&#8221; au nord du Mali, a d\u00e9clar\u00e9 le ministre de la D\u00e9fense, Jean-Yves Le Drian, vendredi 8 mars sur la radio Europe 1. Existence d&#8217;une fili\u00e8re jihadiste en France, menaces contre les ressortissants fran\u00e7ais en Afrique : les services de s\u00e9curit\u00e9 de l&#8217;Hexagone sont en alerte maximum. Le jihadiste fran\u00e7ais &hellip;<\/p>\n","protected":false},"author":1,"featured_media":0,"comment_status":"open","ping_status":"open","sticky":false,"template":"","format":"standard","meta":{"footnotes":""},"categories":[20],"tags":[],"class_list":["post-2169","post","type-post","status-publish","format-standard","hentry","category-francais-francais"],"_links":{"self":[{"href":"https:\/\/www.azzaman.info\/index.php?rest_route=\/wp\/v2\/posts\/2169","targetHints":{"allow":["GET"]}}],"collection":[{"href":"https:\/\/www.azzaman.info\/index.php?rest_route=\/wp\/v2\/posts"}],"about":[{"href":"https:\/\/www.azzaman.info\/index.php?rest_route=\/wp\/v2\/types\/post"}],"author":[{"embeddable":true,"href":"https:\/\/www.azzaman.info\/index.php?rest_route=\/wp\/v2\/users\/1"}],"replies":[{"embeddable":true,"href":"https:\/\/www.azzaman.info\/index.php?rest_route=%2Fwp%2Fv2%2Fcomments&post=2169"}],"version-history":[{"count":0,"href":"https:\/\/www.azzaman.info\/index.php?rest_route=\/wp\/v2\/posts\/2169\/revisions"}],"wp:attachment":[{"href":"https:\/\/www.azzaman.info\/index.php?rest_route=%2Fwp%2Fv2%2Fmedia&parent=2169"}],"wp:term":[{"taxonomy":"category","embeddable":true,"href":"https:\/\/www.azzaman.info\/index.php?rest_route=%2Fwp%2Fv2%2Fcategories&post=2169"},{"taxonomy":"post_tag","embeddable":true,"href":"https:\/\/www.azzaman.info\/index.php?rest_route=%2Fwp%2Fv2%2Ftags&post=2169"}],"curies":[{"name":"wp","href":"https:\/\/api.w.org\/{rel}","templated":true}]}}