{"id":2656,"date":"2013-04-30T18:38:00","date_gmt":"2013-04-30T15:38:00","guid":{"rendered":"http:\/\/azzaman.info\/wordpress\/2013\/04\/30\/los-ministros-de-agricultura-de-la-ue-analizan-los-avances-hacia-la-nueva-pac\/"},"modified":"2013-04-30T18:38:00","modified_gmt":"2013-04-30T15:38:00","slug":"los-ministros-de-agricultura-de-la-ue-analizan-los-avances-hacia-la-nueva-pac","status":"publish","type":"post","link":"https:\/\/www.azzaman.info\/?p=2656","title":{"rendered":"Los ministros de Agricultura de la UE analizan los avances hacia la nueva PAC"},"content":{"rendered":"<p> \t<img decoding=\"async\" alt=\"alt\" src=\"http:\/\/www.azzaman.info\/media\/images\/espan%20marina.jpg\" \/>Los ministros de Agricultura de la Uni\u00f3n Europea (UE) analizar\u00e1n este lunes los progresos en las negociaciones con el Ejecutivo comunitario y con el Parlamento Europeo para la reforma de la Pol\u00edtica Agr\u00edcola Com\u00fan (PAC) a partir de 2014.<\/p>\n<p>  <!--more-->  <\/p>\n<p> \tEl asunto es el m\u00e1s destacado del Consejo de Agricultura y Pesca de la UE que se celebra ma\u00f1ana en Luxemburgo, al que asistir\u00e1 en representaci\u00f3n espa\u00f1ola el ministro del ramo, Miguel Arias Ca\u00f1ete.<\/p>\n<p> \tLos ministros intervendr\u00e1n en un debate p\u00fablico sobre el estado de las negociaciones entre los Veintisiete, el Ejecutivo comunitario y la Euroc\u00e1mara sobre la reforma de la PAC, un tema que la actual presidencia irlandesa de turno de la UE pretende cerrar antes de julio con vistas a poder aplicarla desde 2014, cuando comienza el nuevo marco financiero plurianual.<\/p>\n<p> \tSe trata de un objetivo &#8220;dif\u00edcil y ambicioso&#8221; pero &#8220;posible&#8221;, seg\u00fan se\u00f1alan fuentes diplom\u00e1ticas, que recuerdan que hasta el momento se han celebrado dos tandas de reuniones entre las partes que negocian la reforma.<\/p>\n<p> \tLa postura de Espa\u00f1a<\/p>\n<p> \tPara Espa\u00f1a, estas negociaciones avanzan de forma &#8220;razonablemente buena&#8221;, ya que las posiciones adoptadas por el Consejo de la UE y por el Parlamento recogen muchas de las peticiones espa\u00f1olas, seg\u00fan las mismas fuentes.<\/p>\n<p> \tEntre otros puntos, Espa\u00f1a defiende incrementar hasta el 15% la proporci\u00f3n de pagos directos de la nueva PAC que podr\u00e1n dedicarse a ayudas &#8220;acopladas&#8221; o vinculadas a la producci\u00f3n, as\u00ed como mejorar el r\u00e9gimen de precios de entrada para las frutas y hortalizas, objetivos que tambi\u00e9n apoyan otros de los mayores Estados miembros como Francia e Italia.<\/p>\n<p> \tEspa\u00f1a tambi\u00e9n apoya la extensi\u00f3n de los derechos de plantaci\u00f3n de vi\u00f1edo hasta 2030, as\u00ed como del r\u00e9gimen de cuotas del az\u00facar hasta 2020, algo que ya recoge la posici\u00f3n de la Euroc\u00e1mara.<\/p>\n<p> \tAsimismo, las posturas del PE y el Consejo sobre la reducci\u00f3n de las superficies elegibles est\u00e1n &#8220;muy pr\u00f3ximas&#8221; a lo que defiende Espa\u00f1a, se\u00f1alan las fuentes citadas anteriormente, que aseguran que para cerrar este punto &#8220;restan por limarse diferencias t\u00e9cnicas&#8221;.<\/p>\n<p> \tLos ministros tambi\u00e9n debatir\u00e1n el lunes sobre las llamadas medidas transitorias, destinadas a evitar &#8220;un vac\u00edo legal&#8221; y garantizar que las ayudas directas a los agricultores contin\u00faan llegando durante 2014, mientras comienza a implantarse el nuevo formato de la PAC o en caso de que se retrase la entrada en vigor del mismo.<\/p>\n<p> \tEsto no afectar\u00e1 en ning\u00fan caso a la cantidad de ayudas directas que recibir\u00e1 Espa\u00f1a en 2014, cuyo volumen ya ha sido cerrado aunque a\u00fan no se han definido los pormenores de este reparto, seg\u00fan se\u00f1alaron fuentes diplom\u00e1ticas.<\/p>\n<p> \tLos Veintisiete tambi\u00e9n pretenden aprobar estas medidas transitorias antes de julio y en paralelo a la reforma de la PAC, aunque un posible retraso en este segundo tema obstaculizar\u00eda que el primero saliera adelante, a\u00f1adieron las mismas fuentes.<\/p>\n<p> \tLa reforma de pol\u00edtica pesquera<\/p>\n<p> \tAsimismo, los ministros discutir\u00e1n sobre las negociaciones de los Veintisiete, el Ejecutivo comunitario y la Euroc\u00e1mara para la reforma de la Pol\u00edtica Pesquera Com\u00fan (PCP), en las que los principales puntos de divisi\u00f3n con el Parlamento son la obligaci\u00f3n de desembarcar toda la captura, la regionalizaci\u00f3n, la gesti\u00f3n de la capacidad m\u00e1xima de pesca y la definici\u00f3n del concepto de &#8220;rendimiento m\u00e1ximo sostenible&#8221;.<\/p>\n<p> \tAunque tampoco se esperan decisiones en este sentido, los Veintisiete tratar\u00e1n de acercar posturas con el PE y de encontrar un enfoque &#8220;m\u00e1s pragm\u00e1tico y flexible&#8221; que el defendido por los eurodiputados, sobre todo a la hora de aplicar la prohibici\u00f3n de los descartes, seg\u00fan fuentes diplom\u00e1ticas.<\/p>\n<p> \tPor \u00faltimo, la Comisi\u00f3n responder\u00e1 a una cuesti\u00f3n presentada por Espa\u00f1a sobre la situaci\u00f3n de los acuerdos de pesca con Mauritania.<\/p>\n<p> \tEl acuerdo, que fue tratado en recientes reuniones de la comisi\u00f3n mixta y del comit\u00e9 cient\u00edfico con representantes de ambas partes, podr\u00eda revisarse para incluir cuotas para la pesca del pulpo, una medida que tendr\u00eda en cuenta las particularidades de esta especie cuyo ciclo de vida medio es de un a\u00f1o, a\u00f1adieron las mismas fuentes.<\/p>\n<p> \tAsimismo, tambi\u00e9n se abordar\u00e1 la situaci\u00f3n de la negociaci\u00f3n de un nuevo acuerdo pesquero con Marruecos, sobre el que falta por decidir la contrapartida financiera que la UE deber\u00e1 conceder a ese pa\u00eds por pescar en sus aguas.<\/p>\n<p> \tsource: elmundo<\/p>\n","protected":false},"excerpt":{"rendered":"<p>Los ministros de Agricultura de la Uni\u00f3n Europea (UE) analizar\u00e1n este lunes los progresos en las negociaciones con el Ejecutivo comunitario y con el Parlamento Europeo para la reforma de la Pol\u00edtica Agr\u00edcola Com\u00fan (PAC) a partir de 2014. El asunto es el m\u00e1s destacado del Consejo de Agricultura y Pesca de la UE que &hellip;<\/p>\n","protected":false},"author":1,"featured_media":0,"comment_status":"open","ping_status":"open","sticky":false,"template":"","format":"standard","meta":{"footnotes":""},"categories":[16],"tags":[],"class_list":["post-2656","post","type-post","status-publish","format-standard","hentry","category-espanol-espanol"],"_links":{"self":[{"href":"https:\/\/www.azzaman.info\/index.php?rest_route=\/wp\/v2\/posts\/2656","targetHints":{"allow":["GET"]}}],"collection":[{"href":"https:\/\/www.azzaman.info\/index.php?rest_route=\/wp\/v2\/posts"}],"about":[{"href":"https:\/\/www.azzaman.info\/index.php?rest_route=\/wp\/v2\/types\/post"}],"author":[{"embeddable":true,"href":"https:\/\/www.azzaman.info\/index.php?rest_route=\/wp\/v2\/users\/1"}],"replies":[{"embeddable":true,"href":"https:\/\/www.azzaman.info\/index.php?rest_route=%2Fwp%2Fv2%2Fcomments&post=2656"}],"version-history":[{"count":0,"href":"https:\/\/www.azzaman.info\/index.php?rest_route=\/wp\/v2\/posts\/2656\/revisions"}],"wp:attachment":[{"href":"https:\/\/www.azzaman.info\/index.php?rest_route=%2Fwp%2Fv2%2Fmedia&parent=2656"}],"wp:term":[{"taxonomy":"category","embeddable":true,"href":"https:\/\/www.azzaman.info\/index.php?rest_route=%2Fwp%2Fv2%2Fcategories&post=2656"},{"taxonomy":"post_tag","embeddable":true,"href":"https:\/\/www.azzaman.info\/index.php?rest_route=%2Fwp%2Fv2%2Ftags&post=2656"}],"curies":[{"name":"wp","href":"https:\/\/api.w.org\/{rel}","templated":true}]}}