{"id":270,"date":"2012-10-18T22:39:09","date_gmt":"2012-10-18T19:39:09","guid":{"rendered":"http:\/\/azzaman.info\/wordpress\/2012\/10\/18\/rafael-blasco-llega-al-tsj-dos-horas-antes-de-su-citacion-para-declarar-como-imputado\/"},"modified":"2012-10-18T22:39:09","modified_gmt":"2012-10-18T19:39:09","slug":"rafael-blasco-llega-al-tsj-dos-horas-antes-de-su-citacion-para-declarar-como-imputado","status":"publish","type":"post","link":"https:\/\/www.azzaman.info\/?p=270","title":{"rendered":"Rafael Blasco llega al TSJ dos horas antes de su citaci\u00f3n para declarar como imputado"},"content":{"rendered":"<p> \tEl ex portavoz del PP en las Cortes Valencianas, Rafael Blasco, ha llegado esta ma\u00f1ana al Tribunal Superior de Justicia de la Comunidad Valenciana (TSJCV), donde\u00a0<a href=\"http:\/\/www.elmundo.es\/elmundo\/2012\/09\/18\/valencia\/1347955436.html\">est\u00e1 citado a declarar en calidad de imputado<\/a>\u00a0por el conocido como &#8216;caso Cooperaci\u00f3n&#8217;, dos horas antes de su citaci\u00f3n.<\/p>\n<p>  <!--more-->  <\/p>\n<p> \tBlasco estaba citado a las 10.00 horas, y ha acudido al tribunal valenciano\u00a0sobre las 8.15 horas acompa\u00f1ado de su abogado Javier Boix. A su llegada ha indicado que atender\u00e1 a los numerosos medios de comunicaci\u00f3n a la salida de su declaraci\u00f3n.<\/p>\n<p> \tA las puertas del alto tribunal se concentran decenas de periodistas y tres personas con pancartas en las que se puede leer:\u00a0&#8216;Blasco, hip\u00f3crita, miserable&#8217;. A uno de ellos le ha identificado la Polic\u00eda Nacional.<\/p>\n<p> \tBlasco prestar\u00e1 declaraci\u00f3n como imputado sobre la causa que investiga la\u00a0supuesta malversaci\u00f3n de fondos p\u00fablicos\u00a0para ayudas a la cooperaci\u00f3n durante la etapa en que fue conseller de Solidaridad y Ciudadan\u00eda.<\/p>\n<p> \tLos hechos investigados han sido inicialmente calificados como delitos defraude de subvenciones, prevaricaci\u00f3n, cohecho, tr\u00e1fico de influencias, malversaci\u00f3n de caudales p\u00fablicos y falsedad documental.<\/p>\n<p> \tEl conocido como &#8220;caso cooperaci\u00f3n&#8221;, en el que\u00a0hay 27 personas imputadas y un empresario en prisi\u00f3n, se inici\u00f3 tras una denuncia particular presentada en octubre de 2010 por supuestas irregularidades en la concesi\u00f3n de ayudas de la Generalitat a la cooperaci\u00f3n internacional en varios pa\u00edses.<\/p>\n<p> \tEl sumario de esta causa fue remitido el pasado mes de junio al TJSCV, despu\u00e9s de que la titular del Juzgado de Instrucci\u00f3n n\u00famero 21 de Valencia\u00a0<a href=\"http:\/\/www.elmundo.es\/elmundo\/2012\/07\/03\/valencia\/1341325632.html\">observara indicios de delito en la actuaci\u00f3n de Blasco<\/a>, aforado por su condici\u00f3n de diputado auton\u00f3mico.<\/p>\n<p> \tLa acci\u00f3n judicial se centra en el\u00a0supuesto desv\u00edo de las cantidades concedidas a determinadas ONG mediante facturas hinchadas\u00a0para justificar el dinero recibido.<\/p>\n<p> \tEntre los afectados por la supuesta malversaci\u00f3n se encuentran diferentes proyectos en\u00a0Guinea Ecuatorial, Camer\u00fan, Mauritania, Rep\u00fablica Dominicana, El Salvador, Hait\u00ed y Nicaragua.<\/p>\n<p> \tBlasco ha asegurado que est\u00e1\u00a0<a href=\"http:\/\/www.elmundo.es\/elmundo\/2012\/09\/18\/valencia\/1347955436.html\">&#8220;reconfortado&#8221; por su imputaci\u00f3n<\/a>, ya que tras 24 meses de &#8220;acoso pol\u00edtico sin ning\u00fan fundamento&#8221; podr\u00e1 defenderse de las acusaciones.<\/p>\n<p> \tEl pasado 3 de octubre, minutos despu\u00e9s de hacerse p\u00fablica su imputaci\u00f3n, Blasco\u00a0<a href=\"http:\/\/www.elmundo.es\/elmundo\/2012\/09\/18\/valencia\/1347955436.html\">renunci\u00f3 al cargo de portavoz delgrupo parlamentario<\/a>, aunque\u00a0conserva el acta de diputado auton\u00f3mico\u00a0y mantiene, as\u00ed, la condici\u00f3n de aforadol<\/p>\n<p> \telmundo<\/p>\n","protected":false},"excerpt":{"rendered":"<p>El ex portavoz del PP en las Cortes Valencianas, Rafael Blasco, ha llegado esta ma\u00f1ana al Tribunal Superior de Justicia de la Comunidad Valenciana (TSJCV), donde\u00a0est\u00e1 citado a declarar en calidad de imputado\u00a0por el conocido como &#8216;caso Cooperaci\u00f3n&#8217;, dos horas antes de su citaci\u00f3n. Blasco estaba citado a las 10.00 horas, y ha acudido al &hellip;<\/p>\n","protected":false},"author":1,"featured_media":0,"comment_status":"open","ping_status":"open","sticky":false,"template":"","format":"standard","meta":{"footnotes":""},"categories":[16],"tags":[],"class_list":["post-270","post","type-post","status-publish","format-standard","hentry","category-espanol-espanol"],"_links":{"self":[{"href":"https:\/\/www.azzaman.info\/index.php?rest_route=\/wp\/v2\/posts\/270","targetHints":{"allow":["GET"]}}],"collection":[{"href":"https:\/\/www.azzaman.info\/index.php?rest_route=\/wp\/v2\/posts"}],"about":[{"href":"https:\/\/www.azzaman.info\/index.php?rest_route=\/wp\/v2\/types\/post"}],"author":[{"embeddable":true,"href":"https:\/\/www.azzaman.info\/index.php?rest_route=\/wp\/v2\/users\/1"}],"replies":[{"embeddable":true,"href":"https:\/\/www.azzaman.info\/index.php?rest_route=%2Fwp%2Fv2%2Fcomments&post=270"}],"version-history":[{"count":0,"href":"https:\/\/www.azzaman.info\/index.php?rest_route=\/wp\/v2\/posts\/270\/revisions"}],"wp:attachment":[{"href":"https:\/\/www.azzaman.info\/index.php?rest_route=%2Fwp%2Fv2%2Fmedia&parent=270"}],"wp:term":[{"taxonomy":"category","embeddable":true,"href":"https:\/\/www.azzaman.info\/index.php?rest_route=%2Fwp%2Fv2%2Fcategories&post=270"},{"taxonomy":"post_tag","embeddable":true,"href":"https:\/\/www.azzaman.info\/index.php?rest_route=%2Fwp%2Fv2%2Ftags&post=270"}],"curies":[{"name":"wp","href":"https:\/\/api.w.org\/{rel}","templated":true}]}}