{"id":3284,"date":"2013-06-14T22:48:34","date_gmt":"2013-06-14T19:48:34","guid":{"rendered":"http:\/\/azzaman.info\/wordpress\/2013\/06\/14\/lesclavage-en-mauritanie-rencontre-debat-a-lassemblee-nationale-francaise\/"},"modified":"2013-06-14T22:48:34","modified_gmt":"2013-06-14T19:48:34","slug":"lesclavage-en-mauritanie-rencontre-debat-a-lassemblee-nationale-francaise","status":"publish","type":"post","link":"https:\/\/www.azzaman.info\/?p=3284","title":{"rendered":"L\u2019esclavage en Mauritanie: rencontre-d\u00e9bat \u00e0 l&#8217;Assembl\u00e9e Nationale fran\u00e7aise"},"content":{"rendered":"<p> \t<img decoding=\"async\" src=\"https:\/\/fbcdn-sphotos-e-a.akamaihd.net\/hphotos-ak-frc1\/994815_10151962546048056_1492559191_n.jpg\" \/>Le mercredi 12 juin 201, s&#8217;est tenue au Salon Mars III de l&#8217;Assembl\u00e9e Nationale fran\u00e7aise, une importante rencontre-d\u00e9bat sur le th\u00e8me &#8220;l&#8217;Esclavage en Mauritanie&#8221;. Cette rencontre a \u00e9t\u00e9 organis\u00e9e par la section IRA-France sur invitation du D\u00e9put\u00e9 de l&#8217;Oise (Nord de la France), Jean-Fran\u00e7ois Mancel.<\/p>\n<p>  <!--more-->  <\/p>\n<p> \tUn nombre important d&#8217;organisations, d&#8217;institutions et de personnalit\u00e9s travaillant dans le domaine des droits de l&#8217;Homme ont honor\u00e9 IRA par leur pr\u00e9sence \u00e0 cette rencontre. On peut en citer les repr\u00e9sentants du service de l&#8217;Ambassadeur charg\u00e9 des Droits de l&#8217;Homme au pr\u00e8s du Minist\u00e8re des Affaires Etrang\u00e8res fran\u00e7aises, la Commission Nationale Consultative charg\u00e9e des Droits de l&#8217;Homme fran\u00e7aise, La F\u00e9d\u00e9ration Internationale des Droits de l&#8217;Homme, l&#8217;Organisation People Nation Non repr\u00e9sent\u00e9s, l&rsquo;Association pour les Peuples Menac\u00e9s, Conseil Repr\u00e9sentatif des Associations Noires de France, le M\u00e9morial de l&#8217;abolition de l&#8217;esclavage de Nantes.<\/p>\n<p> \tApr\u00e8s le mot d&#8217;accueil et de remerciements adress\u00e9s par le D\u00e9put\u00e9 Mancel aux invit\u00e9s, un documentaire relatant les principales \u00e9tapes du combat d&#8217;IRA en Mauritanie et \u00e0 l&#8217;ext\u00e9rieur du pays introduit la s\u00e9ance permettant aux participants de mettre des images et des mots sur la lutte antiesclavagiste en Mauritanie. Par la suite, a pris la parole, Dr Ahmed Amou Ould Moustapha, membre du Bureau Ex\u00e9cutif d&#8217;IRA, pour expliquer &#8220;Ce que veut IRA&#8221;. Essentiellement deux choses: appliquer la loi 2007-048 criminalisant l&#8217;esclavage, \u00e0 tous, pour tous et partout et la promulguer une nouvelle loi instituant une r\u00e9forme permettant aux Hratine d&#8217;acc\u00e9der \u00e0 la propri\u00e9t\u00e9 fonci\u00e8re des terres arables. Etre et avoir, tels sont les principales revendications des Hratine port\u00e9es par IRA. &#8220;Monsieur le D\u00e9put\u00e9, Messieurs les repr\u00e9sentants du Minist\u00e8res des Affaires \u00e9trang\u00e8res fran\u00e7aises, vous avez devant vous, vous accueillez et honorez le pr\u00e9sident et les responsables d&#8217;une organisation mauritanienne hors la loi! Une organisation hors la loi qui s&#8217;est assign\u00e9 comme objectif de faire appliquer la loi.&#8221;, souligne Ould Moustapha. A suivi une importante communication de Monsieur Martin Schulthes, responsable de la programmation aupr\u00e8s de l&#8217;Organisation des Peuples et Nations Non repr\u00e9sent\u00e9s (UNPO) o\u00f9 a \u00e9t\u00e9 abord\u00e9 l&#8217;\u00e9pineuse question du &#8220;Travail servile et droits syndicaux&#8221;. Puis ce fut le tour de Monsieur Ulrich Delius, Vice-directeur ex\u00e9cutif et Directeur du bureau Afrique de l&rsquo;Association pour les Peuples Menac\u00e9s, une ONG internationale de d\u00e9fense des droits humains en Allemagne et dans d&rsquo;autres pays europ\u00e9ens. Monsieur Delius a trait\u00e9 de &#8220;la non-application de la loi de 2007 et l&#8217;impunit\u00e9&#8221;. &#8221; Il y une culture de l&rsquo;impunit\u00e9 en Mauritanie. L&rsquo;\u00e9chec total des syst\u00e8mes administratif, policier et judiciaire face \u00e0 la r\u00e9pression de l&rsquo;esclavage est d\u00fb \u00e0 la mauvaise foi de l&rsquo;appareil judiciaire et \u00e0 la partialit\u00e9 du syst\u00e8me politique.&#8221;, pr\u00e9cise Monsieur Delius. Viendra alors le tour de Monsieur Biram Dah Abeid, Pr\u00e9sident d&#8217;IRA, qui traita de &#8220;IRA aujourd&#8217;hui&#8221;. Monsieur Abeid aborda les principales th\u00e9matiques port\u00e9es par IRA. Son caract\u00e8re g\u00e9n\u00e9raliste et non-exclusif. &#8220;Nous avons, dit-il le pr\u00e9sident d&#8217;IRA, d\u00e9fendu les Salafistes condamn\u00e9s et emprisonn\u00e9s au secret et sans la possibilit\u00e9 pour les leurs de leur rendre visite&#8221;. Nous voulons d\u00e9construire le syst\u00e8me pour favoriser l&#8217;\u00e9mergence d&#8217;un ordre plus juste, pr\u00e9cise-t-il. Monsieur Abeid pr\u00e9cise que la volont\u00e9 d&#8217;IRA est d&#8217;\u00eatre pr\u00e9sente partout o\u00f9 s\u00e9vit l&#8217;injustice. IRA mettra sur pied, annonce-t-il, des syndicats au sein des secteurs manuels de l&#8217;\u00e9conomie \u00e0 savoir les dockers et les mineurs, pour commencer. Apr\u00e8s ces cinq s\u00e9quences, la parole a \u00e9t\u00e9 donn\u00e9e \u00e0 la salle. De nombreux th\u00e8mes ont \u00e9t\u00e9 abord\u00e9s; l&#8217;esclavage au sein des ethnies mauritaniennes autres que les Maures et notamment la pr\u00e9sence de cimeti\u00e8res d&#8217;esclaves s\u00e9par\u00e9s de ceux des ma\u00eetres, le probl\u00e8me de l&#8217;enr\u00f4lement en cours et le risque de le voir exclure, un peu plus, les esclaves et anciens esclaves d\u00e9pourvus d&#8217;\u00e9tat civil et dont la filiation est souvent compliqu\u00e9e. Le caract\u00e8re discriminatoire de ce m\u00eame enr\u00f4lement a aussi \u00e9t\u00e9 \u00e9voqu\u00e9 ainsi que l&#8217;aberration qui r\u00e9side dans l&#8217;exigence par l&#8217;ambassade de Mauritanie \u00e0 Paris de produire un document \u00e9tranger (carte de s\u00e9jour) pour obtenir des documents nationaux. La rencontre d\u00e9bat, qui a commenc\u00e9 \u00e0 16H30 a \u00e9t\u00e9 cl\u00f4tur\u00e9e \u00e0 19H15 par le D\u00e9put\u00e9 Jean-Fran\u00e7ois Mancel. \u00a0 \u00a0 Lien\u00a0: <a href=\"http:\/\/www.youtube.com\/watch?v=PeP6kAyC294&#038;feature=player_embedded\">http:\/\/www.youtube.com\/watch?v=PeP6kAyC294&#038;feature=player_embedded<\/a><\/p>\n","protected":false},"excerpt":{"rendered":"<p>Le mercredi 12 juin 201, s&#8217;est tenue au Salon Mars III de l&#8217;Assembl\u00e9e Nationale fran\u00e7aise, une importante rencontre-d\u00e9bat sur le th\u00e8me &#8220;l&#8217;Esclavage en Mauritanie&#8221;. Cette rencontre a \u00e9t\u00e9 organis\u00e9e par la section IRA-France sur invitation du D\u00e9put\u00e9 de l&#8217;Oise (Nord de la France), Jean-Fran\u00e7ois Mancel. Un nombre important d&#8217;organisations, d&#8217;institutions et de personnalit\u00e9s travaillant dans &hellip;<\/p>\n","protected":false},"author":1,"featured_media":0,"comment_status":"open","ping_status":"open","sticky":false,"template":"","format":"standard","meta":{"footnotes":""},"categories":[20],"tags":[],"class_list":["post-3284","post","type-post","status-publish","format-standard","hentry","category-francais-francais"],"_links":{"self":[{"href":"https:\/\/www.azzaman.info\/index.php?rest_route=\/wp\/v2\/posts\/3284","targetHints":{"allow":["GET"]}}],"collection":[{"href":"https:\/\/www.azzaman.info\/index.php?rest_route=\/wp\/v2\/posts"}],"about":[{"href":"https:\/\/www.azzaman.info\/index.php?rest_route=\/wp\/v2\/types\/post"}],"author":[{"embeddable":true,"href":"https:\/\/www.azzaman.info\/index.php?rest_route=\/wp\/v2\/users\/1"}],"replies":[{"embeddable":true,"href":"https:\/\/www.azzaman.info\/index.php?rest_route=%2Fwp%2Fv2%2Fcomments&post=3284"}],"version-history":[{"count":0,"href":"https:\/\/www.azzaman.info\/index.php?rest_route=\/wp\/v2\/posts\/3284\/revisions"}],"wp:attachment":[{"href":"https:\/\/www.azzaman.info\/index.php?rest_route=%2Fwp%2Fv2%2Fmedia&parent=3284"}],"wp:term":[{"taxonomy":"category","embeddable":true,"href":"https:\/\/www.azzaman.info\/index.php?rest_route=%2Fwp%2Fv2%2Fcategories&post=3284"},{"taxonomy":"post_tag","embeddable":true,"href":"https:\/\/www.azzaman.info\/index.php?rest_route=%2Fwp%2Fv2%2Ftags&post=3284"}],"curies":[{"name":"wp","href":"https:\/\/api.w.org\/{rel}","templated":true}]}}