{"id":51,"date":"2012-10-03T15:27:38","date_gmt":"2012-10-03T12:27:38","guid":{"rendered":"http:\/\/azzaman.info\/wordpress\/2012\/10\/03\/espana-y-marruecos-estrechan-lazos-para-sortear-juntos-la-crisis\/"},"modified":"2012-10-03T15:27:38","modified_gmt":"2012-10-03T12:27:38","slug":"espana-y-marruecos-estrechan-lazos-para-sortear-juntos-la-crisis","status":"publish","type":"post","link":"https:\/\/www.azzaman.info\/?p=51","title":{"rendered":"Espa\u00f1a y Marruecos estrechan lazos para sortear juntos la crisis"},"content":{"rendered":"<p> \t<img decoding=\"async\" alt=\"alt\" src=\"media\/images\/rajoy.jpg\" \/>Juntos sortearemos mejor la crisis. Ese fue, en resumen, el mensaje lanzado hoy por el presidente Mariano Rajoy y su hom\u00f3logo marroqu\u00ed, Abdelil\u00e1 Benkiran. El estrechamiento de una relaci\u00f3n econ\u00f3mica que ya va viento en popa puede ayudar a mitigar la mala racha que atraviesa Espa\u00f1a y que se cierne sobre Marruecos.<\/p>\n<p>  <!--more-->  <\/p>\n<p> \t\u00a0<\/p>\n<p> \tRajoy y Benkiran inauguraron hoy en Rabat la cumbre bilateral, a la que asisten siete ministros espa\u00f1oles, con sendos discursos ante lo m\u00e1s granado del empresariado espa\u00f1ol y marroqu\u00ed empezando por los presidentes de sus patronales Joan Rosell (CEOE) y Miriem Bensalah-Chakroun (CGEM).Juntos sortearemos mejor la crisis. Ese fue, en resumen, el mensaje lanzado hoy por el presidente Mariano Rajoy y su hom\u00f3logo marroqu\u00ed, Abdelil\u00e1 Benkiran. El estrechamiento de una relaci\u00f3n econ\u00f3mica que ya va viento en popa puede ayudar a mitigar la mala racha que atraviesa Espa\u00f1a y que se cierne sobre Marruecos.<\/p>\n<p> \t\u00a0<\/p>\n<p> \tRajoy y Benkiran inauguraron hoy en Rabat la cumbre bilateral, a la que asisten siete ministros espa\u00f1oles, con sendos discursos ante lo m\u00e1s granado del empresariado espa\u00f1ol y marroqu\u00ed empezando por los presidentes de sus patronales Joan Rosell (CEOE) y Miriem Bensalah-Chakroun (CGEM).<\/p>\n<p> \t\u00a0<\/p>\n<p> \tPara que la reuni\u00f3n transcurriera sin sobresaltos la Gendarmer\u00eda abort\u00f3 la marcha sobre el Pe\u00f1\u00f3n de V\u00e9lez de la Gomera convocada por el Comit\u00e9 de Coordinaci\u00f3n para la Liberaci\u00f3n de Ceuta y Melilla, seg\u00fan los organizadores. Estos se vanagloriaban, sin embargo, de que transportados por una lancha r\u00e1pida dos de sus activistas lograron plantar sendas banderas marroqu\u00edes en las islas Chafarinas donde fueron detenidos por el Ej\u00e9rcito espa\u00f1ol. La Comandancia de Melilla lo desminti\u00f3.<\/p>\n<p> \t\u00a0<\/p>\n<p> \tUnos &ldquo;lazos comerciales y econ\u00f3micos cada vez m\u00e1s estrechos se traducir\u00e1n en la creaci\u00f3n de puestos de trabajo y en crecimiento en ambos pa\u00edses&rdquo;, declar\u00f3 de entrada Rajoy. A continuaci\u00f3n ensalz\u00f3 las virtudes de sus reformas y de sus presupuestos para 2013 hechos &ldquo;con unos criterios que profundizar\u00e1n el saneamiento de la econom\u00eda espa\u00f1ola y su competitividad&rdquo;. Pese a los sacrificios que supone &ldquo;no hay otro camino&rdquo;.<\/p>\n<p> \t\u00a0<\/p>\n<p> \tBenkiran recogi\u00f3 el testigo. Los lazos &ldquo;econ\u00f3micos entre Marruecos y Espa\u00f1a ayudar\u00e1n a superar los desaf\u00edos econ\u00f3micos a los que se enfrentan nuestros dos pa\u00edses&rdquo;, recalc\u00f3. &ldquo;Nos alegraremos de ver que nuestros hermanos espa\u00f1oles tienen \u00e9xito&rdquo; en Marruecos, a\u00f1adi\u00f3 recurriendo a un vocabulario que evoca los lazos familiares t\u00edpico de los musulmanes piadosos. Benkiran es el l\u00edder del partido islamista moderado.<\/p>\n<p> \t\u00a0<\/p>\n<p> \tLos presidentes de ambas patronales insistieron en lo mismo. La actual coyuntura &ldquo;requiere de nosotros enfoques nuevos y atrevidos&rdquo;, dijo la marroqu\u00ed. Rosell vaticin\u00f3, por su parte, que adem\u00e1s de ser desde enero el primer socio comercial de Marruecos, por delante de Francia, Espa\u00f1a acabar\u00eda el a\u00f1o siendo el primer inversor extranjero.<\/p>\n<p> \t\u00a0<\/p>\n<p> \tLas estad\u00edsticas comerciales son impresionantes. De enero a julio las exportaciones de unas 20.000 empresas espa\u00f1olas, en su mayor\u00eda pymes, han crecido un 22,4% convirtiendo a Marruecos en el segundo mercado de Espa\u00f1a, justo detr\u00e1s de EE UU, fuera de la UE. La cobertura de la balanza comercial alcanz\u00f3 un nuevo record: 170%.<\/p>\n<p> \t\u00a0<\/p>\n<p> \tTodo ello ha sido posible por dos razones, seg\u00fan Rajoy: &ldquo;la enorme capacidad de las empresas para reorientar sus relaciones comerciales&rdquo; y que &ldquo;Marruecos y Espa\u00f1a ofrecen oportunidades \u00fanicas que el actual contexto pone en evidencia&rdquo;.<\/p>\n<p> \t\u00a0<\/p>\n<p> \tEst\u00e1 por ver si durar\u00e1 la buena racha. Si muchos hombres de negocios espa\u00f1oles se esfuerzan por salvar a sus empresas abri\u00e9ndose mercado en el vecino del sur &ndash;hay tambi\u00e9n profesionales cualificados espa\u00f1oles que buscan aqu\u00ed trabajo- no es seguro que Marruecos siga brindando las mismas oportunidades.<\/p>\n<p> \t\u00a0<\/p>\n<p> \tPrevisto inicialmente en el 5,5% por Bekiran, el crecimiento econ\u00f3mico para este a\u00f1o est\u00e1 siendo constantemente revisado a la baja. Ahora se sit\u00faa en el 2,4%, una cifra casi nula si se tiene en cuenta el crecimiento demogr\u00e1fico, y es probable que sea de nuevo recortado. La crisis, contagiada por Europa, llega poco a poco a Marruecos.<\/p>\n<p> \t\u00a0<\/p>\n<p> \tRajoy hizo un poco de representante comercial ante Gobierno y empresarios marroqu\u00edes. Resalt\u00f3 la pericia de las compa\u00f1\u00edas espa\u00f1olas &ldquo;l\u00edderes mundiales&rdquo; en sectores como las infraestructuras, el tratamiento de aguas y las energ\u00edas renovables. Esa es la asignatura pendiente de la penetraci\u00f3n econ\u00f3mica espa\u00f1ola en Marruecos que la adjudicaci\u00f3n la semana pasada a Acciona, y a su socio saud\u00ed Acwa Power, de una planta fotovoltaica por 500 millones de euros puede empezar a colmar.<\/p>\n<p> \t\u00a0<\/p>\n<p> \tLa cumbre se desarrolla en Rabat, pero por la tarde Rajoy tendr\u00e1 que viajar a Marraquech para ser recibido en audiencia por el rey Mohamed VI. Despu\u00e9s regresar\u00e1 a Rabat para asistir a la sesi\u00f3n plenaria de clausura con Bekiran y una quincena de ministros y secretarios de Estado. La trashumancia del monarca marroqu\u00ed complica, a veces, la celebraci\u00f3n de estas reuniones que los diplom\u00e1ticos llaman de &ldquo;alta nivel&rdquo;.<\/p>\n<p> \tsource:el pais<\/p>\n<p> \t\u00a0<\/p>\n<p> \t\u00a0<\/p>\n<p> \t\u00a0<\/p>\n","protected":false},"excerpt":{"rendered":"<p>Juntos sortearemos mejor la crisis. Ese fue, en resumen, el mensaje lanzado hoy por el presidente Mariano Rajoy y su hom\u00f3logo marroqu\u00ed, Abdelil\u00e1 Benkiran. El estrechamiento de una relaci\u00f3n econ\u00f3mica que ya va viento en popa puede ayudar a mitigar la mala racha que atraviesa Espa\u00f1a y que se cierne sobre Marruecos. \u00a0 Rajoy y &hellip;<\/p>\n","protected":false},"author":1,"featured_media":50,"comment_status":"open","ping_status":"open","sticky":false,"template":"","format":"standard","meta":{"footnotes":""},"categories":[16],"tags":[],"class_list":["post-51","post","type-post","status-publish","format-standard","has-post-thumbnail","hentry","category-espanol-espanol"],"_links":{"self":[{"href":"https:\/\/www.azzaman.info\/index.php?rest_route=\/wp\/v2\/posts\/51","targetHints":{"allow":["GET"]}}],"collection":[{"href":"https:\/\/www.azzaman.info\/index.php?rest_route=\/wp\/v2\/posts"}],"about":[{"href":"https:\/\/www.azzaman.info\/index.php?rest_route=\/wp\/v2\/types\/post"}],"author":[{"embeddable":true,"href":"https:\/\/www.azzaman.info\/index.php?rest_route=\/wp\/v2\/users\/1"}],"replies":[{"embeddable":true,"href":"https:\/\/www.azzaman.info\/index.php?rest_route=%2Fwp%2Fv2%2Fcomments&post=51"}],"version-history":[{"count":0,"href":"https:\/\/www.azzaman.info\/index.php?rest_route=\/wp\/v2\/posts\/51\/revisions"}],"wp:featuredmedia":[{"embeddable":true,"href":"https:\/\/www.azzaman.info\/index.php?rest_route=\/wp\/v2\/media\/50"}],"wp:attachment":[{"href":"https:\/\/www.azzaman.info\/index.php?rest_route=%2Fwp%2Fv2%2Fmedia&parent=51"}],"wp:term":[{"taxonomy":"category","embeddable":true,"href":"https:\/\/www.azzaman.info\/index.php?rest_route=%2Fwp%2Fv2%2Fcategories&post=51"},{"taxonomy":"post_tag","embeddable":true,"href":"https:\/\/www.azzaman.info\/index.php?rest_route=%2Fwp%2Fv2%2Ftags&post=51"}],"curies":[{"name":"wp","href":"https:\/\/api.w.org\/{rel}","templated":true}]}}