{"id":52171,"date":"2025-04-19T01:09:10","date_gmt":"2025-04-19T00:09:10","guid":{"rendered":"https:\/\/www.azzaman.info\/?p=52171"},"modified":"2025-04-19T01:11:29","modified_gmt":"2025-04-19T00:11:29","slug":"52171","status":"publish","type":"post","link":"https:\/\/www.azzaman.info\/?p=52171","title":{"rendered":"Salon National de l\u2019Emploi et de la Formation Professionnelle : Une plateforme pour renforcer l\u2019employabilit\u00e9 des jeunes et relever les d\u00e9fis"},"content":{"rendered":"<p>Le mardi 16 avril, le Palais des Congr\u00e8s de Nouakchott a accueilli le lancement de la quatri\u00e8me \u00e9dition du Salon National de l\u2019Emploi et de la Formation Professionnelle, plac\u00e9 sous le th\u00e8me : \u00ab L\u2019employabilit\u00e9 des jeunes : d\u00e9fis et perspectives \u00bb.<\/p>\n<p>La c\u00e9r\u00e9monie d\u2019ouverture a \u00e9t\u00e9 pr\u00e9sid\u00e9e par le ministre de l\u2019Autonomisation des Jeunes, de l\u2019Emploi, des Sports et de la Fonction publique, M. Mohamed Abdallahi Ould Loul\u00e9, en pr\u00e9sence du ministre de la Formation professionnelle, de l\u2019Artisanat et des M\u00e9tiers, et en collaboration avec l\u2019Union nationale du Patronat mauritanien, repr\u00e9sentant le secteur priv\u00e9.<\/p>\n<p>Dans son allocution, le ministre de l\u2019Autonomisation des Jeunes a soulign\u00e9 l\u2019importance de ce salon en tant que plateforme d\u2019\u00e9change et de dialogue entre les diff\u00e9rents acteurs, afin de renforcer les opportunit\u00e9s d\u2019emploi pour les jeunes. Il a ajout\u00e9 que cette \u00e9dition met l\u2019accent sur une probl\u00e9matique centrale : l\u2019emploi des jeunes, qui n\u00e9cessite des efforts concert\u00e9s et une action collective pour trouver des solutions efficaces.<\/p>\n<p>Le ministre a pr\u00e9cis\u00e9 que son d\u00e9partement a lanc\u00e9 plusieurs projets pilotes pour r\u00e9pondre aux besoins des jeunes, notamment un projet dans le domaine agricole ayant g\u00e9n\u00e9r\u00e9 environ 300 emplois, ainsi qu\u2019un autre projet ayant permis l\u2019embauche de 1 000 jeunes dans le secteur de la p\u00eache artisanale. Des programmes dans le secteur de l\u2019\u00e9levage ont \u00e9galement permis de cr\u00e9er 350 emplois pour les dipl\u00f4m\u00e9s.<\/p>\n<p>Il a \u00e9galement \u00e9voqu\u00e9 le programme \u00ab Mon Projet, Mon Avenir \u00bb qui a financ\u00e9 1 556 projets avec un budget de 232 millions d\u2019ouguiyas nouvelles, en plus d\u2019un projet de soutien \u00e0 l\u2019entrepreneuriat f\u00e9minin et des jeunes, qui a permis de financer 400 micro-entreprises \u00e0 Dar Na\u00efm, ainsi que dans les r\u00e9gions de Gorgol et du Guidimakha. Par ailleurs, 403 professionnels ont \u00e9t\u00e9 soutenus via le programme \u00ab Mon M\u00e9tier \u00bb.<\/p>\n<p>Le salon se poursuivra sur deux jours, avec des sessions de dialogue sp\u00e9cialis\u00e9es r\u00e9unissant experts, d\u00e9cideurs, entrepreneurs, jeunes et repr\u00e9sentants de la soci\u00e9t\u00e9 civile, pour discuter des questions li\u00e9es \u00e0 la formation, \u00e0 l\u2019innovation, \u00e0 l\u2019emploi et \u00e0 l\u2019insertion professionnelle.<\/p>\n<p>Le salon comprend \u00e9galement des stands d\u2019exposition o\u00f9 les entreprises et institutions pr\u00e9sentent leurs initiatives, offres d\u2019emploi et programmes de formation et de soutien destin\u00e9s aux jeunes.<\/p>\n","protected":false},"excerpt":{"rendered":"<p>Le mardi 16 avril, le Palais des Congr\u00e8s de Nouakchott a accueilli le lancement de la quatri\u00e8me \u00e9dition du Salon National de l\u2019Emploi et de la Formation Professionnelle, plac\u00e9 sous le th\u00e8me : \u00ab L\u2019employabilit\u00e9 des jeunes : d\u00e9fis et perspectives \u00bb. La c\u00e9r\u00e9monie d\u2019ouverture a \u00e9t\u00e9 pr\u00e9sid\u00e9e par le ministre de l\u2019Autonomisation des Jeunes, &hellip;<\/p>\n","protected":false},"author":7,"featured_media":52174,"comment_status":"open","ping_status":"open","sticky":false,"template":"","format":"standard","meta":{"footnotes":""},"categories":[20],"tags":[],"class_list":["post-52171","post","type-post","status-publish","format-standard","has-post-thumbnail","hentry","category-francais-francais"],"_links":{"self":[{"href":"https:\/\/www.azzaman.info\/index.php?rest_route=\/wp\/v2\/posts\/52171","targetHints":{"allow":["GET"]}}],"collection":[{"href":"https:\/\/www.azzaman.info\/index.php?rest_route=\/wp\/v2\/posts"}],"about":[{"href":"https:\/\/www.azzaman.info\/index.php?rest_route=\/wp\/v2\/types\/post"}],"author":[{"embeddable":true,"href":"https:\/\/www.azzaman.info\/index.php?rest_route=\/wp\/v2\/users\/7"}],"replies":[{"embeddable":true,"href":"https:\/\/www.azzaman.info\/index.php?rest_route=%2Fwp%2Fv2%2Fcomments&post=52171"}],"version-history":[{"count":3,"href":"https:\/\/www.azzaman.info\/index.php?rest_route=\/wp\/v2\/posts\/52171\/revisions"}],"predecessor-version":[{"id":52175,"href":"https:\/\/www.azzaman.info\/index.php?rest_route=\/wp\/v2\/posts\/52171\/revisions\/52175"}],"wp:featuredmedia":[{"embeddable":true,"href":"https:\/\/www.azzaman.info\/index.php?rest_route=\/wp\/v2\/media\/52174"}],"wp:attachment":[{"href":"https:\/\/www.azzaman.info\/index.php?rest_route=%2Fwp%2Fv2%2Fmedia&parent=52171"}],"wp:term":[{"taxonomy":"category","embeddable":true,"href":"https:\/\/www.azzaman.info\/index.php?rest_route=%2Fwp%2Fv2%2Fcategories&post=52171"},{"taxonomy":"post_tag","embeddable":true,"href":"https:\/\/www.azzaman.info\/index.php?rest_route=%2Fwp%2Fv2%2Ftags&post=52171"}],"curies":[{"name":"wp","href":"https:\/\/api.w.org\/{rel}","templated":true}]}}