{"id":52212,"date":"2025-04-23T16:29:47","date_gmt":"2025-04-23T15:29:47","guid":{"rendered":"https:\/\/www.azzaman.info\/?p=52212"},"modified":"2025-04-23T18:33:06","modified_gmt":"2025-04-23T17:33:06","slug":"52212","status":"publish","type":"post","link":"https:\/\/www.azzaman.info\/?p=52212","title":{"rendered":"Merci \u00e0 Son Excellence le Ministre de l\u2019Int\u00e9rieur, mais\u2026 !! Sidi Ali Belamech"},"content":{"rendered":"<p>Azzaman.info_\/<\/p>\n<p>Cette situation tendue, d\u00e9bordante de col\u00e8re factice et de pr\u00e9textes fabriqu\u00e9s, ne peut continuer ind\u00e9finiment sans finir, \u00e0 un moment ou un autre, par \u00e9chapper \u00e0 tout contr\u00f4le !<\/p>\n<p>Monsieur le Ministre,<br \/>\nL\u2019histoire ne se r\u00e9p\u00e8te que lorsque les peuples \u00e9chouent \u00e0 en tirer les le\u00e7ons.<br \/>\nEt c\u2019est exactement ce qui se passe aujourd\u2019hui en Mauritanie :<br \/>\nLe groupe \u00e0 l\u2019origine du mouvement \u00ab FLAM \u00bb est responsable des \u00e9v\u00e9nements de 1966, du coup d\u2019\u00c9tat raciste et criminel, et des tragiques \u00e9v\u00e9nements de 1989 avec le S\u00e9n\u00e9gal&#8230;<\/p>\n<p>Ce lourd h\u00e9ritage humain n\u2019aurait jamais d\u00fb faire l\u2019objet d\u2019un d\u00e9bat sur sa r\u00e9solution sans que les auteurs de ces crimes, membres de cette bande qui marchande les valeurs les plus sacr\u00e9es de notre soci\u00e9t\u00e9, soient d\u2019abord traduits en justice et enferm\u00e9s au fond des prisons&#8230;<\/p>\n<p>Et voil\u00e0 que le mouvement \u00ab IRA \u00bb aujourd\u2019hui, en suivant les traces des FLAM dans leur \u00ab brillante \u00bb exp\u00e9rience de vivre sur le dos des dossiers sanglants de nos concitoyens, m\u00e8ne notre soci\u00e9t\u00e9 vers le m\u00eame destin malheureux&#8230;<\/p>\n<p>Quand on affirme que l\u2019absence d\u2019une politique de dissuasion de la part du r\u00e9gime est la cause de ce chaos grandissant, alors qu\u2019on pr\u00e9tend que c\u2019est l\u2019autoritarisme du ministre de l\u2019Int\u00e9rieur qui en est responsable, cela signifie que nous ne partageons ni la m\u00eame base de r\u00e9flexion ni la m\u00eame direction, et donc qu\u2019aucune solution n\u2019est possible, m\u00eame dans mille ans !<\/p>\n<p>Les autorit\u00e9s s\u00e9curitaires doivent comprendre, assimiler et prendre conscience qu\u2019il est impossible de trouver une solution avec ceux qui posent des conditions \u00e0 leur propre patriotisme, \u00e0 leur discipline, et m\u00eame \u00e0 leur respect des lois&#8230;<\/p>\n<p>L\u2019\u00c9tat est la seule entit\u00e9 d\u00e9tentrice du pouvoir coercitif, et la seule autoris\u00e9e \u00e0 l\u2019exercer l\u00e9galement lorsque n\u00e9cessaire. Alors, a-t-elle aujourd\u2019hui abandonn\u00e9 ce pouvoir au profit d\u2019IRA et des FLAM !?<\/p>\n<p>S\u2019accommoder avec les ignorants, faire preuve de douceur, fermer les yeux sur leurs fautes, ignorer les v\u00e9ritables intentions derri\u00e8re leurs actes agressifs envers la soci\u00e9t\u00e9, c\u2019est une erreur fatale, car ils consid\u00e8rent toute douceur comme une faiblesse, toute sympathie comme une capitulation, et toute indulgence comme de la na\u00efvet\u00e9 !<\/p>\n<p>Son Excellence le Ministre de l\u2019Int\u00e9rieur doit assumer pleinement ses responsabilit\u00e9s, en mettant fin avec fermet\u00e9 \u00e0 ce chaos total, en rupture avec toutes les lois et normes politiques, avant qu\u2019il ne devienne incontr\u00f4lable&#8230;<\/p>\n<p>Il doit avertir clairement tous ceux qui sont manipul\u00e9s, et tenir officiellement les mouvements IRA et FLAM responsables de toute goutte de sang qui coulera sur le sol de la R\u00e9publique, \u00e0 cause de cette escalade furieuse, de cette incitation \u00e0 la haine, de cette provocation gratuite envers les sentiments du peuple et les conditions de stabilit\u00e9 du pays&#8230;<\/p>\n<p>Et nous ne dirons ici aux mouvements IRA, FLAM et leurs agitateurs hyst\u00e9riques, rien de plus que ce qu\u2019a dit le po\u00e8te :<\/p>\n<p>\u201c\u0636\u0639\u0627\u0641 \u0627\u0644\u0623\u0633\u062f \u0623\u0643\u062b\u0631\u0647\u0627 \u0632\u0626\u064a\u0631\u0627 \/ \u0648\u0623\u0635\u0631\u0645\u0647\u0627 \u0627\u0644\u0644\u0648\u0627\u062a\u064a \u0644\u0627 \u062a\u0632\u064a\u0631\u201d<br \/>\n\u00ab Les lions les plus faibles sont souvent les plus bruyants \/ Et les plus f\u00e9roces sont celles qui ne rugissent pas. \u00bb<\/p>\n<p>Et pour ne pas trop s\u2019\u00e9loigner du sujet ;<\/p>\n<p>Madame Kadiata Malick Diallo affirme qu\u2019elle est peule et non arabe ;<br \/>\nLe comble ici, c\u2019est que sa \u00ab peulitude \u00bb annule son arabit\u00e9, mais pas son africanit\u00e9 !<\/p>\n<p>Soit, c\u2019est peut-\u00eatre son droit, et de toute fa\u00e7on, personne parmi nous ne pleurera cette perte.<br \/>\nMais le vrai probl\u00e8me, c\u2019est que la \u00ab peulitude \u00bb de Kadiata Malick Diallo viendrait annuler l\u2019arabit\u00e9 de la Mauritanie toute enti\u00e8re !?<\/p>\n<p>Lorsqu\u2019elle confond une appartenance g\u00e9ographique (qui englobe l\u2019Alg\u00e9rie, l\u2019\u00c9gypte, la Mauritanie, le Maroc, la Tunisie, la Libye, le Soudan, Djibouti et la Somalie) avec une appartenance civilisationnelle, qui ne l\u2019engage \u00e0 rien d\u2019autre que le respect de ce choix, nous lui rappelons simplement cette citation de l\u2019\u00e9crivain irlandais Bernard Shaw :<br \/>\n\u00ab L\u2019ignorant, s\u2019il parle, se trompe ; s\u2019il se tait, se trompe ; s\u2019il part, il s\u2019\u00e9gare compl\u00e8tement. \u00bb<\/p>\n<p>Alors parlez si vous le souhaitez, taisez-vous si vous le pr\u00e9f\u00e9rez, ou partez vers les confins du racisme et de l\u2019extr\u00e9misme, comme bon vous semble,<\/p>\n","protected":false},"excerpt":{"rendered":"<p>Azzaman.info_\/ Cette situation tendue, d\u00e9bordante de col\u00e8re factice et de pr\u00e9textes fabriqu\u00e9s, ne peut continuer ind\u00e9finiment sans finir, \u00e0 un moment ou un autre, par \u00e9chapper \u00e0 tout contr\u00f4le ! Monsieur le Ministre, L\u2019histoire ne se r\u00e9p\u00e8te que lorsque les peuples \u00e9chouent \u00e0 en tirer les le\u00e7ons. Et c\u2019est exactement ce qui se passe aujourd\u2019hui &hellip;<\/p>\n","protected":false},"author":7,"featured_media":31760,"comment_status":"open","ping_status":"open","sticky":false,"template":"","format":"standard","meta":{"footnotes":""},"categories":[20,27],"tags":[],"class_list":["post-52212","post","type-post","status-publish","format-standard","has-post-thumbnail","hentry","category-francais-francais","category-27"],"_links":{"self":[{"href":"https:\/\/www.azzaman.info\/index.php?rest_route=\/wp\/v2\/posts\/52212","targetHints":{"allow":["GET"]}}],"collection":[{"href":"https:\/\/www.azzaman.info\/index.php?rest_route=\/wp\/v2\/posts"}],"about":[{"href":"https:\/\/www.azzaman.info\/index.php?rest_route=\/wp\/v2\/types\/post"}],"author":[{"embeddable":true,"href":"https:\/\/www.azzaman.info\/index.php?rest_route=\/wp\/v2\/users\/7"}],"replies":[{"embeddable":true,"href":"https:\/\/www.azzaman.info\/index.php?rest_route=%2Fwp%2Fv2%2Fcomments&post=52212"}],"version-history":[{"count":4,"href":"https:\/\/www.azzaman.info\/index.php?rest_route=\/wp\/v2\/posts\/52212\/revisions"}],"predecessor-version":[{"id":52216,"href":"https:\/\/www.azzaman.info\/index.php?rest_route=\/wp\/v2\/posts\/52212\/revisions\/52216"}],"wp:featuredmedia":[{"embeddable":true,"href":"https:\/\/www.azzaman.info\/index.php?rest_route=\/wp\/v2\/media\/31760"}],"wp:attachment":[{"href":"https:\/\/www.azzaman.info\/index.php?rest_route=%2Fwp%2Fv2%2Fmedia&parent=52212"}],"wp:term":[{"taxonomy":"category","embeddable":true,"href":"https:\/\/www.azzaman.info\/index.php?rest_route=%2Fwp%2Fv2%2Fcategories&post=52212"},{"taxonomy":"post_tag","embeddable":true,"href":"https:\/\/www.azzaman.info\/index.php?rest_route=%2Fwp%2Fv2%2Ftags&post=52212"}],"curies":[{"name":"wp","href":"https:\/\/api.w.org\/{rel}","templated":true}]}}