{"id":55352,"date":"2025-09-29T01:18:48","date_gmt":"2025-09-29T00:18:48","guid":{"rendered":"https:\/\/www.azzaman.info\/?p=55352"},"modified":"2025-09-29T01:19:21","modified_gmt":"2025-09-29T00:19:21","slug":"la-secretaire-generale-internationale-de-lunion-des-journalistes-africains-libres-a-declare-que-radio-france-internationale-rfi-na-pas-toujours-ete-impartiale-dans-la-couverture-de","status":"publish","type":"post","link":"https:\/\/www.azzaman.info\/?p=55352","title":{"rendered":"La Secr\u00e9taire G\u00e9n\u00e9rale Internationale de l\u2019Union des Journalistes Africains Libres a d\u00e9clar\u00e9 que Radio France Internationale (RFI) n\u2019a pas toujours \u00e9t\u00e9 impartiale dans la couverture de l\u2019actualit\u00e9 concernant la Mauritanie."},"content":{"rendered":"<p dir=\"ltr\">Azzaman.info<\/p>\n<p>&nbsp;<\/p>\n<p>Maria Traor\u00e9, cadre africaine, a rappel\u00e9 que le ministre des Affaires \u00e9trang\u00e8res de la Mauritanie s\u2019\u00e9tait d\u00e9j\u00e0 exprim\u00e9 sur ses ondes, expliquant avec pr\u00e9cision et en d\u00e9tail le dossier de la migration et les m\u00e9canismes mis en place pour le g\u00e9rer.<\/p>\n<p>Elle a ajout\u00e9 que l\u2019accusation port\u00e9e contre la Mauritanie de pratiquer le racisme anti-noir est une exag\u00e9ration et un parti pris inacceptable, d\u00e9connect\u00e9 de la r\u00e9alit\u00e9. Elle a soulign\u00e9 que les Mauritaniens avaient c\u00e9l\u00e9br\u00e9 hier la Journ\u00e9e mondiale de la langue sonink\u00e9, et que, la veille, la premi\u00e8re pierre avait \u00e9t\u00e9 pos\u00e9e pour le si\u00e8ge de l\u2019Association de Promotion de la Langue Pulaar. Elle a pr\u00e9cis\u00e9 que la population mauritanienne se compose de quatre groupes ethniques, dont trois sont des communaut\u00e9s africaines noires.<\/p>\n<p>Elle a insist\u00e9 sur le fait que la demande de pi\u00e8ces d\u2019identit\u00e9, comme proc\u00e9dure de v\u00e9rification, y compris pour les Mauritaniens eux-m\u00eames, ne peut en aucun cas \u00eatre consid\u00e9r\u00e9e comme un acte raciste.<\/p>\n<p>La Secr\u00e9taire G\u00e9n\u00e9rale Internationale de l\u2019Union des Journalistes Africains Libres a estim\u00e9 que l\u2019affaire du jeune Mauritanien r\u00e9cemment arr\u00eat\u00e9 puis rel\u00e2ch\u00e9 \u00e9tait tout \u00e0 fait banale : il ne poss\u00e9dait pas de documents d\u2019identit\u00e9, et l\u2019arbre g\u00e9n\u00e9alogique de sa famille mentionn\u00e9 dans un t\u00e9moignage qui lui est attribu\u00e9 n\u2019\u00e9tait pas inscrit sur son visage. Selon le communiqu\u00e9 de la police \u2013 que ni le jeune homme ni sa famille n\u2019ont d\u00e9menti \u2013 il est rest\u00e9 silencieux tout au long de la fouille de routine.<\/p>\n<p>&nbsp;<\/p>\n<p>Elle a ajout\u00e9 qu\u2019en Mauritanie, il existe des extr\u00e9mistes et des racistes dans toutes les composantes, qui ont l\u2019habitude de surfer sur ce genre d\u2019\u00e9v\u00e9nements, comme ce fut le cas cette fois-ci avec certains extr\u00e9mistes issus des communaut\u00e9s africaines noires. Elle a d\u00e9nonc\u00e9 le recours de RFI, dans de telles situations, \u00e0 des reportages d\u00e9s\u00e9quilibr\u00e9s qui nuisent \u00e0 l\u2019image de la Mauritanie. Elle s\u2019est \u00e9galement \u00e9tonn\u00e9e que RFI, lors de la r\u00e9cente p\u00e9nurie d\u2019eau \u00e0 Nouakchott, ait consid\u00e9r\u00e9 la situation comme un ciblage d\u2019une communaut\u00e9 sp\u00e9cifique, notamment les citoyens noirs.<\/p>\n<p>Maria Traor\u00e9 a fustig\u00e9 ceux qu\u2019elle a qualifi\u00e9s de mercenaires et de vendeurs de conscience, pour leurs m\u00e9thodes de d\u00e9sinformation d\u00e9pourvues de cr\u00e9dibilit\u00e9, affirmant qu\u2019elles ne r\u00e9ussiront pas \u00e0 semer la division entre les membres d\u2019un m\u00eame peuple.<\/p>\n<p>Maria Traor\u00e9 s\u2019exprimait vendredi dernier dans le cadre d\u2019une plaidoirie \u00e0 distance devant des centaines de journalistes africains membres de l\u2019Union des Journalistes Africains Libres, qui regroupe des professionnels de plus de 30 pays africains \u0153uvrant pour la d\u00e9fense de la libert\u00e9 d\u2019expression, et dont le si\u00e8ge se trouve \u00e0 Abidjan, en C\u00f4te d\u2019Ivoire.<\/p>\n<p>&nbsp;<\/p>\n","protected":false},"excerpt":{"rendered":"<p>Azzaman.info &nbsp; Maria Traor\u00e9, cadre africaine, a rappel\u00e9 que le ministre des Affaires \u00e9trang\u00e8res de la Mauritanie s\u2019\u00e9tait d\u00e9j\u00e0 exprim\u00e9 sur ses ondes, expliquant avec pr\u00e9cision et en d\u00e9tail le dossier de la migration et les m\u00e9canismes mis en place pour le g\u00e9rer. Elle a ajout\u00e9 que l\u2019accusation port\u00e9e contre la Mauritanie de pratiquer le &hellip;<\/p>\n","protected":false},"author":7,"featured_media":55350,"comment_status":"open","ping_status":"open","sticky":false,"template":"","format":"standard","meta":{"footnotes":""},"categories":[20,31,27],"tags":[],"class_list":["post-55352","post","type-post","status-publish","format-standard","has-post-thumbnail","hentry","category-francais-francais","category-31","category-27"],"_links":{"self":[{"href":"https:\/\/www.azzaman.info\/index.php?rest_route=\/wp\/v2\/posts\/55352","targetHints":{"allow":["GET"]}}],"collection":[{"href":"https:\/\/www.azzaman.info\/index.php?rest_route=\/wp\/v2\/posts"}],"about":[{"href":"https:\/\/www.azzaman.info\/index.php?rest_route=\/wp\/v2\/types\/post"}],"author":[{"embeddable":true,"href":"https:\/\/www.azzaman.info\/index.php?rest_route=\/wp\/v2\/users\/7"}],"replies":[{"embeddable":true,"href":"https:\/\/www.azzaman.info\/index.php?rest_route=%2Fwp%2Fv2%2Fcomments&post=55352"}],"version-history":[{"count":1,"href":"https:\/\/www.azzaman.info\/index.php?rest_route=\/wp\/v2\/posts\/55352\/revisions"}],"predecessor-version":[{"id":55353,"href":"https:\/\/www.azzaman.info\/index.php?rest_route=\/wp\/v2\/posts\/55352\/revisions\/55353"}],"wp:featuredmedia":[{"embeddable":true,"href":"https:\/\/www.azzaman.info\/index.php?rest_route=\/wp\/v2\/media\/55350"}],"wp:attachment":[{"href":"https:\/\/www.azzaman.info\/index.php?rest_route=%2Fwp%2Fv2%2Fmedia&parent=55352"}],"wp:term":[{"taxonomy":"category","embeddable":true,"href":"https:\/\/www.azzaman.info\/index.php?rest_route=%2Fwp%2Fv2%2Fcategories&post=55352"},{"taxonomy":"post_tag","embeddable":true,"href":"https:\/\/www.azzaman.info\/index.php?rest_route=%2Fwp%2Fv2%2Ftags&post=55352"}],"curies":[{"name":"wp","href":"https:\/\/api.w.org\/{rel}","templated":true}]}}