{"id":56214,"date":"2025-11-30T12:45:11","date_gmt":"2025-11-30T12:45:11","guid":{"rendered":"https:\/\/www.azzaman.info\/?p=56214"},"modified":"2025-11-30T12:47:08","modified_gmt":"2025-11-30T12:47:08","slug":"le-president-de-la-republique-decore-le-commandant-en-second-des-garde-cotes-mauritaniens","status":"publish","type":"post","link":"https:\/\/www.azzaman.info\/?p=56214","title":{"rendered":"Le Pr\u00e9sident de la R\u00e9publique d\u00e9core le Commandant en second des Garde-C\u00f4tes mauritaniens"},"content":{"rendered":"<p>&nbsp;<\/p>\n<p><strong>azzaman.info (Nouakchott) : <\/strong>Le Pr\u00e9sident de la R\u00e9publique, Son Excellence Mohamed Ould Cheikh El Ghazouani, a d\u00e9cor\u00e9 ce vendredi 28 novembre 2025, \u00e0 Nouakchott, le Commandant en second des Garde-C\u00f4tes mauritaniens, le colonel de marine Mohamed Salem Mohamed El Amine Hamza, dans le cadre des festivit\u00e9s comm\u00e9morant le 65\u1d49 anniversaire de l\u2019ind\u00e9pendance nationale.<\/p>\n<p>Cette distinction vient saluer le r\u00f4le pionnier jou\u00e9 par les Garde-C\u00f4tes dans la protection du littoral national, le renforcement de la surveillance maritime, la lutte contre la p\u00eache illicite et la r\u00e9duction de la migration irr\u00e9guli\u00e8re, ainsi que leurs efforts constants pour garantir la s\u00e9curit\u00e9 dans les eaux territoriales.<\/p>\n<p>Elle refl\u00e8te \u00e9galement l\u2019attention particuli\u00e8re accord\u00e9e par le Pr\u00e9sident de la R\u00e9publique au secteur de la p\u00eache, aux infrastructures maritimes et portuaires, ainsi que son appr\u00e9ciation du r\u00f4le vital des Garde-C\u00f4tes dans la pr\u00e9servation de la souverainet\u00e9 maritime et la promotion du d\u00e9veloppement national.<\/p>\n<p>&nbsp;<\/p>\n<p>&nbsp;<\/p>\n","protected":false},"excerpt":{"rendered":"<p>&nbsp; azzaman.info (Nouakchott) : Le Pr\u00e9sident de la R\u00e9publique, Son Excellence Mohamed Ould Cheikh El Ghazouani, a d\u00e9cor\u00e9 ce vendredi 28 novembre 2025, \u00e0 Nouakchott, le Commandant en second des Garde-C\u00f4tes mauritaniens, le colonel de marine Mohamed Salem Mohamed El Amine Hamza, dans le cadre des festivit\u00e9s comm\u00e9morant le 65\u1d49 anniversaire de l\u2019ind\u00e9pendance nationale. Cette &hellip;<\/p>\n","protected":false},"author":7,"featured_media":56209,"comment_status":"open","ping_status":"open","sticky":false,"template":"","format":"standard","meta":{"footnotes":""},"categories":[20,31,27],"tags":[],"class_list":["post-56214","post","type-post","status-publish","format-standard","has-post-thumbnail","hentry","category-francais-francais","category-31","category-27"],"_links":{"self":[{"href":"https:\/\/www.azzaman.info\/index.php?rest_route=\/wp\/v2\/posts\/56214","targetHints":{"allow":["GET"]}}],"collection":[{"href":"https:\/\/www.azzaman.info\/index.php?rest_route=\/wp\/v2\/posts"}],"about":[{"href":"https:\/\/www.azzaman.info\/index.php?rest_route=\/wp\/v2\/types\/post"}],"author":[{"embeddable":true,"href":"https:\/\/www.azzaman.info\/index.php?rest_route=\/wp\/v2\/users\/7"}],"replies":[{"embeddable":true,"href":"https:\/\/www.azzaman.info\/index.php?rest_route=%2Fwp%2Fv2%2Fcomments&post=56214"}],"version-history":[{"count":3,"href":"https:\/\/www.azzaman.info\/index.php?rest_route=\/wp\/v2\/posts\/56214\/revisions"}],"predecessor-version":[{"id":56217,"href":"https:\/\/www.azzaman.info\/index.php?rest_route=\/wp\/v2\/posts\/56214\/revisions\/56217"}],"wp:featuredmedia":[{"embeddable":true,"href":"https:\/\/www.azzaman.info\/index.php?rest_route=\/wp\/v2\/media\/56209"}],"wp:attachment":[{"href":"https:\/\/www.azzaman.info\/index.php?rest_route=%2Fwp%2Fv2%2Fmedia&parent=56214"}],"wp:term":[{"taxonomy":"category","embeddable":true,"href":"https:\/\/www.azzaman.info\/index.php?rest_route=%2Fwp%2Fv2%2Fcategories&post=56214"},{"taxonomy":"post_tag","embeddable":true,"href":"https:\/\/www.azzaman.info\/index.php?rest_route=%2Fwp%2Fv2%2Ftags&post=56214"}],"curies":[{"name":"wp","href":"https:\/\/api.w.org\/{rel}","templated":true}]}}