{"id":57085,"date":"2026-01-25T12:17:04","date_gmt":"2026-01-25T12:17:04","guid":{"rendered":"https:\/\/www.azzaman.info\/?p=57085"},"modified":"2026-01-25T12:28:42","modified_gmt":"2026-01-25T12:28:42","slug":"le-premier-ministre-le-dossier-du-passif-humanitaire-est-une-question-sensible-touchant-a-lunite-nationale","status":"publish","type":"post","link":"https:\/\/www.azzaman.info\/?p=57085","title":{"rendered":"Le Premier ministre : le dossier du passif humanitaire est une question sensible touchant \u00e0 l\u2019unit\u00e9 nationale"},"content":{"rendered":"<p>Azzaman.info (Nouakchott) \u2013<br \/>\nLe Premier ministre, Mokhtar Ould jay, a affirm\u00e9 que le dossier du passif humanitaire constitue une question extr\u00eamement sensible, en raison de son impact direct sur l\u2019unit\u00e9 nationale, soulignant qu\u2019il ne peut \u00eatre trait\u00e9 que sur la base du r\u00e9alisme et de l\u2019\u00e9quit\u00e9, loin du d\u00e9ni ou de la reproduction de l\u2019injustice.<br \/>\nIl a expliqu\u00e9 que des complexit\u00e9s historiques, des incompr\u00e9hensions et des diff\u00e9rends ant\u00e9rieurs continuent d\u2019entraver le r\u00e8glement d\u00e9finitif de ce dossier, qu\u2019il consid\u00e8re comme l\u2019un des nombreux d\u00e9fis nationaux n\u00e9cessitant une approche calme et responsable.<br \/>\nLe Premier ministre a ajout\u00e9 que le Pr\u00e9sident de la R\u00e9publique, Mohamed Ould Cheikh El Ghazouani, adopte une approche globale pour traiter ce dossier, fond\u00e9e sur le dialogue avec les parties concern\u00e9es, le respect des principes de la manifestation de la v\u00e9rit\u00e9, du devoir de m\u00e9moire, de l\u2019identification des s\u00e9pultures des victimes et de la r\u00e9paration des pr\u00e9judices.<br \/>\nIl a insist\u00e9 sur la n\u00e9cessit\u00e9 de soustraire le dossier du passif humanitaire aux surench\u00e8res politiques, mettant en garde contre l\u2019inexactitude des chiffres qui circulent \u00e0 son sujet, et soulignant que la solution attendue doit jeter les bases d\u2019une justice sociale renfor\u00e7ant la coh\u00e9sion nationale.<\/p>\n<p> \u0627\u0636\u063a\u0637 \u0644\u0642\u0631\u0627\u0621\u0629 <a href=\"https:\/\/www.azzaman.info\/?p=57083\">\u0627\u0644\u062e\u0628\u0631 \u0628\u0627\u0644\u0639\u0631\u0628\u064a\u0629<\/a><\/p>\n<p><a href=\"https:\/\/www.azzaman.info\/?p=57091\">Eng<\/a><\/p>\n","protected":false},"excerpt":{"rendered":"<p>Azzaman.info (Nouakchott) \u2013 Le Premier ministre, Mokhtar Ould jay, a affirm\u00e9 que le dossier du passif humanitaire constitue une question extr\u00eamement sensible, en raison de son impact direct sur l\u2019unit\u00e9 nationale, soulignant qu\u2019il ne peut \u00eatre trait\u00e9 que sur la base du r\u00e9alisme et de l\u2019\u00e9quit\u00e9, loin du d\u00e9ni ou de la reproduction de l\u2019injustice. &hellip;<\/p>\n","protected":false},"author":7,"featured_media":57086,"comment_status":"open","ping_status":"open","sticky":false,"template":"","format":"standard","meta":{"footnotes":""},"categories":[20,27,23],"tags":[],"class_list":["post-57085","post","type-post","status-publish","format-standard","has-post-thumbnail","hentry","category-francais-francais","category-27","category-23"],"_links":{"self":[{"href":"https:\/\/www.azzaman.info\/index.php?rest_route=\/wp\/v2\/posts\/57085","targetHints":{"allow":["GET"]}}],"collection":[{"href":"https:\/\/www.azzaman.info\/index.php?rest_route=\/wp\/v2\/posts"}],"about":[{"href":"https:\/\/www.azzaman.info\/index.php?rest_route=\/wp\/v2\/types\/post"}],"author":[{"embeddable":true,"href":"https:\/\/www.azzaman.info\/index.php?rest_route=\/wp\/v2\/users\/7"}],"replies":[{"embeddable":true,"href":"https:\/\/www.azzaman.info\/index.php?rest_route=%2Fwp%2Fv2%2Fcomments&post=57085"}],"version-history":[{"count":5,"href":"https:\/\/www.azzaman.info\/index.php?rest_route=\/wp\/v2\/posts\/57085\/revisions"}],"predecessor-version":[{"id":57093,"href":"https:\/\/www.azzaman.info\/index.php?rest_route=\/wp\/v2\/posts\/57085\/revisions\/57093"}],"wp:featuredmedia":[{"embeddable":true,"href":"https:\/\/www.azzaman.info\/index.php?rest_route=\/wp\/v2\/media\/57086"}],"wp:attachment":[{"href":"https:\/\/www.azzaman.info\/index.php?rest_route=%2Fwp%2Fv2%2Fmedia&parent=57085"}],"wp:term":[{"taxonomy":"category","embeddable":true,"href":"https:\/\/www.azzaman.info\/index.php?rest_route=%2Fwp%2Fv2%2Fcategories&post=57085"},{"taxonomy":"post_tag","embeddable":true,"href":"https:\/\/www.azzaman.info\/index.php?rest_route=%2Fwp%2Fv2%2Ftags&post=57085"}],"curies":[{"name":"wp","href":"https:\/\/api.w.org\/{rel}","templated":true}]}}