{"id":57099,"date":"2026-01-25T16:26:05","date_gmt":"2026-01-25T16:26:05","guid":{"rendered":"https:\/\/www.azzaman.info\/?p=57099"},"modified":"2026-01-25T16:29:39","modified_gmt":"2026-01-25T16:29:39","slug":"dans-la-quete-de-depassement-de-letat-de-crise","status":"publish","type":"post","link":"https:\/\/www.azzaman.info\/?p=57099","title":{"rendered":"Dans la qu\u00eate de d\u00e9passement de l\u2019\u00e9tat de crise"},"content":{"rendered":"<p>Azzaman.info<\/p>\n<p>Pourquoi le gouvernement s\u2019obstine-t-il \u00e0 vanter son bilan pass\u00e9 et \u00e0 exag\u00e9rer la promotion de ses programmes \u00e0 venir ?<br \/>\nLa question s\u2019impose avec acuit\u00e9 au regard d\u2019une situation nationale marqu\u00e9e par la tension et le malaise, non seulement \u00e0 travers l\u2019analyse politique, mais aussi \u00e0 partir d\u2019une exp\u00e9rience v\u00e9cue, notamment en ce qui concerne les libert\u00e9s et la libert\u00e9 de la presse.<br \/>\nPersonnellement, je consid\u00e8re que la situation actuelle est difficile et pr\u00e9occupante, au vu de ce que j\u2019ai moi-m\u00eame subi durant ce second mandat, particuli\u00e8rement controvers\u00e9. J\u2019ai \u00e9t\u00e9 emprisonn\u00e9 le 28 ao\u00fbt 2024, et relev\u00e9 le m\u00eame jour de mes fonctions de charg\u00e9 de mission au minist\u00e8re de la Culture, par d\u00e9cision du Conseil des ministres. Par la suite, j\u2019ai de nouveau \u00e9t\u00e9 incarc\u00e9r\u00e9 l\u2019ann\u00e9e derni\u00e8re, passant au total trois mois entre d\u00e9tention pr\u00e9ventive et prison.<br \/>\nUne exp\u00e9rience douloureuse qui m\u2019a convaincu, comme beaucoup d\u2019autres, que la libert\u00e9 de la presse est en net recul, atteignant un seuil alarmant.<br \/>\nDans un \u00c9tat qui se pr\u00e9tend d\u00e9mocratique, o\u00f9 la presse est combattue et o\u00f9 des journalistes sont jet\u00e9s en prison pour des motifs futiles, que reste-t-il au Premier ministre \u00e0 revendiquer ?<br \/>\nSi le pouvoir choisit de pi\u00e9tiner les personnes honorables, d\u2019humilier leur dignit\u00e9 et de restreindre leurs libert\u00e9s avec une audace et une brutalit\u00e9 d\u00e9concertantes, peut-il ensuite esp\u00e9rer que l\u2019on t\u00e9moigne faussement en affirmant que son r\u00e9gime serait \u00ab le meilleur que la Mauritanie ait connu depuis sa cr\u00e9ation \u00bb ?<br \/>\nEn r\u00e9sum\u00e9, depuis que Mokhtar Ould Diay a pris la t\u00eate du gouvernement lors du second mandat, les fondements m\u00eames de la profession journalistique ont \u00e9t\u00e9 bafou\u00e9s, vid\u00e9s de leur substance et gravement humili\u00e9s. Certes, \u00e0 son arriv\u00e9e au pouvoir, le pr\u00e9sident Mohamed Ould Ghazouani n\u2019avait pas adopt\u00e9 une attitude hostile envers la presse ; au contraire, il avait respect\u00e9 les journalistes, les avait rapproch\u00e9s et s\u2019\u00e9tait appuy\u00e9 sur eux dans la gestion des affaires publiques.<br \/>\nMais la donne a chang\u00e9.<br \/>\nAvec l\u2019accession de Ould Diay \u00e0 l\u2019avant-sc\u00e8ne gouvernementale, les journalistes ont \u00e9t\u00e9 pris pour cible, marginalis\u00e9s et incarc\u00e9r\u00e9s, dans un silence officiel troublant.<br \/>\nBien que je reste convaincu, jusqu\u2019au moment o\u00f9 j\u2019\u00e9cris ces lignes, que le pr\u00e9sident de la R\u00e9publique ne cautionne pas l\u2019humiliation des journalistes, son silence face \u00e0 leur emprisonnement et \u00e0 la r\u00e9pression des voix libres constitue une position n\u00e9gative et provocatrice, impossible \u00e0 ignorer.<br \/>\n\u00c0 la lumi\u00e8re de ces entraves persistantes \u00e0 la libert\u00e9 de la presse, et du maintien de ce que l\u2019on appelle la \u00ab loi sur les symboles \u00bb, ce r\u00e9gime appara\u00eet comme l\u2019un des plus durs qu\u2019ait connus la Mauritanie en mati\u00e8re de libert\u00e9s, en particulier envers les piliers de la profession et les artisans de l\u2019opinion publique.<br \/>\nLa r\u00e9p\u00e9tition des arrestations de journalistes est aujourd\u2019hui une provocation manifeste. Depuis l\u2019entr\u00e9e en fonction de Ould Diay, ce r\u00e9gime a battu des records dans la r\u00e9pression des professionnels des m\u00e9dias, avec, dans certains cas \u2014 dont le mien \u2014 un niveau \u00e9lev\u00e9 d\u2019humiliation et de m\u00e9pris.<br \/>\nMalgr\u00e9 cela, des discours pompeux sont prononc\u00e9s devant le Parlement, dans une inflation manifeste des r\u00e9alisations, et l\u2019on esp\u00e8re obtenir une b\u00e9n\u00e9diction collective pour de telles mises en sc\u00e8ne politiques. Or, tant que la libert\u00e9 de la presse reste confisqu\u00e9e et que le pouvoir s\u2019appuie sur l\u2019intimidation et l\u2019achat des consciences, rien de ce qui suit ne m\u00e9rite d\u2019\u00eatre salu\u00e9.<br \/>\nM\u00eame s\u2019il existe certaines r\u00e9alisations, la pr\u00e9tendue \u00ab modernisation de Nouakchott \u00bb demeure peu convaincante, malgr\u00e9 les milliards d\u00e9pens\u00e9s, tant que les services de l\u2019eau et de l\u2019\u00e9lectricit\u00e9 ne s\u2019am\u00e9liorent pas et que les ordures continuent de r\u00e9v\u00e9ler, dans chaque rue de la capitale, le caract\u00e8re fallacieux de ce discours moderniste.<br \/>\nEt quand bien m\u00eame des avanc\u00e9es auraient \u00e9t\u00e9 r\u00e9alis\u00e9es, au niveau national ou \u00e0 Nouakchott en particulier, la r\u00e9alit\u00e9 quotidienne des citoyens n\u2019a pas chang\u00e9 de mani\u00e8re significative pour justifier tout ce tapage m\u00e9diatique.<br \/>\nQuelques routes secondaires ont \u00e9t\u00e9 am\u00e9nag\u00e9es, certains b\u00e2timents ont \u00e9t\u00e9 construits pour des h\u00f4pitaux de taille moyenne, des \u00e9coles \u00e9difi\u00e9es, et quelques arbres plant\u00e9s. Mais qu\u2019en est-il du niveau des prix, de la prolif\u00e9ration des d\u00e9chets, de la propagation des cancers, des maladies r\u00e9nales, des pathologies chroniques et complexes, voire m\u00eame de la r\u00e9cente p\u00e9nurie de m\u00e9dicaments \u00e0 Nouakchott, sans parler de l\u2019int\u00e9rieur du pays ?<br \/>\nLe probl\u00e8me le plus grave demeure cependant la mani\u00e8re dont la presse ind\u00e9pendante \u2014 et parfois m\u00eame les m\u00e9dias publics \u2014 est trait\u00e9e depuis la formation du gouvernement de Ould Diay au d\u00e9but du second mandat.<br \/>\nNous appelons le r\u00e9gime en place \u00e0 s\u2019engager dans un dialogue s\u00e9rieux et efficace, \u00e0 mettre fin imm\u00e9diatement \u00e0 l\u2019emprisonnement des journalistes, \u00e0 leur r\u00e9vocation arbitraire et \u00e0 la pression exerc\u00e9e sur leurs moyens de subsistance. Nous l\u2019exhortons \u00e9galement \u00e0 revoir en profondeur les multiples probl\u00e8mes auxquels le pays est confront\u00e9, car l\u2019alternative qui pourrait succ\u00e9der \u00e0 ce r\u00e9gime risque d\u2019\u00eatre soit extr\u00e9miste, soit faible.<br \/>\nPersister dans une propagande creuse, sous certains aspects, pourrait compromettre m\u00eame les tentatives de reconduction ou ce que certains qualifient de \u00ab succession implicite \u00bb. Les blessures sont d\u00e9sormais profondes, notamment dans le domaine des libert\u00e9s et de la presse, et de telles pratiques pourraient entra\u00eener de lourdes r\u00e9percussions, \u00e0 commencer par l\u2019incertitude qui plane sur l\u2019avenir politique de ce r\u00e9gime.<\/p>\n<p>\u0644\u0642\u0631\u0627\u0621\u0629 \u0627\u0644\u0646\u0635 \u0627\u0644\u0623\u0635\u0644\u064a En <a href=\"https:\/\/www.azzaman.info\/?p=57097\">Arabe<\/a><\/p>\n","protected":false},"excerpt":{"rendered":"<p>Azzaman.info Pourquoi le gouvernement s\u2019obstine-t-il \u00e0 vanter son bilan pass\u00e9 et \u00e0 exag\u00e9rer la promotion de ses programmes \u00e0 venir ? La question s\u2019impose avec acuit\u00e9 au regard d\u2019une situation nationale marqu\u00e9e par la tension et le malaise, non seulement \u00e0 travers l\u2019analyse politique, mais aussi \u00e0 partir d\u2019une exp\u00e9rience v\u00e9cue, notamment en ce qui &hellip;<\/p>\n","protected":false},"author":7,"featured_media":46508,"comment_status":"open","ping_status":"open","sticky":false,"template":"","format":"standard","meta":{"footnotes":""},"categories":[20,23],"tags":[],"class_list":["post-57099","post","type-post","status-publish","format-standard","has-post-thumbnail","hentry","category-francais-francais","category-23"],"_links":{"self":[{"href":"https:\/\/www.azzaman.info\/index.php?rest_route=\/wp\/v2\/posts\/57099","targetHints":{"allow":["GET"]}}],"collection":[{"href":"https:\/\/www.azzaman.info\/index.php?rest_route=\/wp\/v2\/posts"}],"about":[{"href":"https:\/\/www.azzaman.info\/index.php?rest_route=\/wp\/v2\/types\/post"}],"author":[{"embeddable":true,"href":"https:\/\/www.azzaman.info\/index.php?rest_route=\/wp\/v2\/users\/7"}],"replies":[{"embeddable":true,"href":"https:\/\/www.azzaman.info\/index.php?rest_route=%2Fwp%2Fv2%2Fcomments&post=57099"}],"version-history":[{"count":3,"href":"https:\/\/www.azzaman.info\/index.php?rest_route=\/wp\/v2\/posts\/57099\/revisions"}],"predecessor-version":[{"id":57102,"href":"https:\/\/www.azzaman.info\/index.php?rest_route=\/wp\/v2\/posts\/57099\/revisions\/57102"}],"wp:featuredmedia":[{"embeddable":true,"href":"https:\/\/www.azzaman.info\/index.php?rest_route=\/wp\/v2\/media\/46508"}],"wp:attachment":[{"href":"https:\/\/www.azzaman.info\/index.php?rest_route=%2Fwp%2Fv2%2Fmedia&parent=57099"}],"wp:term":[{"taxonomy":"category","embeddable":true,"href":"https:\/\/www.azzaman.info\/index.php?rest_route=%2Fwp%2Fv2%2Fcategories&post=57099"},{"taxonomy":"post_tag","embeddable":true,"href":"https:\/\/www.azzaman.info\/index.php?rest_route=%2Fwp%2Fv2%2Ftags&post=57099"}],"curies":[{"name":"wp","href":"https:\/\/api.w.org\/{rel}","templated":true}]}}