{"id":58297,"date":"2026-05-03T02:05:50","date_gmt":"2026-05-03T01:05:50","guid":{"rendered":"https:\/\/www.azzaman.info\/?p=58297"},"modified":"2026-05-03T02:05:50","modified_gmt":"2026-05-03T01:05:50","slug":"message-du-depute-biram-dah-abeid-a-la-famille-de-la-presse-a-loccasion-de-la-journee-mondiale-de-la-liberte-de-la-presse-en-mauritanie","status":"publish","type":"post","link":"https:\/\/www.azzaman.info\/?p=58297","title":{"rendered":"Message du d\u00e9put\u00e9 Biram Dah Abeid \u00e0 la famille de la presse \u00e0 l\u2019occasion de la Journ\u00e9e mondiale de la libert\u00e9 de la presse en Mauritanie"},"content":{"rendered":"<p>Ch\u00e8res journalistes, chers journalistes,<\/p>\n<p>Le 3 mai, Journ\u00e9e mondiale de la libert\u00e9 de la presse, est une occasion internationale consacr\u00e9e au rappel des gouvernements \u00e0 leur devoir de respecter la libert\u00e9 d\u2019expression, de garantir l\u2019ind\u00e9pendance des m\u00e9dias et de prot\u00e9ger le droit des citoyens \u00e0 acc\u00e9der \u00e0 la v\u00e9rit\u00e9. Cependant, cette ann\u00e9e, cette comm\u00e9moration intervient en Mauritanie dans un contexte de d\u00e9t\u00e9rioration pr\u00e9occupante des libert\u00e9s et dans un climat marqu\u00e9 par l\u2019\u00e9largissement des restrictions impos\u00e9es \u00e0 la parole libre, faisant de cette journ\u00e9e davantage un moment d\u2019interpellation nationale qu\u2019une simple c\u00e9l\u00e9bration symbolique.<\/p>\n<p>Le r\u00e9gime du pr\u00e9sident de la R\u00e9publique islamique de Mauritanie, Mohamed Ould Cheikh El Ghazouani, a adopt\u00e9 des lois et des mesures traduisant une orientation claire vers le vidage de la libert\u00e9 d\u2019expression et du climat d\u00e9mocratique de leur substance, notamment \u00e0 travers la loi sur les symboles, la loi sur les crimes cybern\u00e9tiques, ainsi qu\u2019un resserrement croissant autour de l\u2019activit\u00e9 politique, du droit de r\u00e9union et de manifestation. Cela s\u2019est accompagn\u00e9 de la fermeture de la t\u00e9l\u00e9vision du Parlement et d\u2019un refus d\u2019acc\u00e8s \u00e9quitable des opposants aux m\u00e9dias publics, voire \u00e0 certains m\u00e9dias suppos\u00e9s ind\u00e9pendants.<\/p>\n<p>Le rapport 2026 de Reporters sans fronti\u00e8res \u2014 indicateur auquel les autorit\u00e9s elles-m\u00eames se r\u00e9f\u00e8rent souvent dans leur communication ext\u00e9rieure \u2014 a confirm\u00e9 ce contre quoi les d\u00e9fenseurs des libert\u00e9s n\u2019ont cess\u00e9 d\u2019alerter : la Mauritanie conna\u00eet un recul inqui\u00e9tant dans le domaine des libert\u00e9s m\u00e9diatiques, apr\u00e8s avoir perdu onze places au classement mondial pour se retrouver au 61e rang. Cela constitue, selon nous, un signe \u00e9vident de l\u2019aggravation des restrictions contre la presse et du renforcement de l\u2019emprise s\u00e9curitaire du pouvoir face aux libert\u00e9s. Cette situation intervient alors que les autorit\u00e9s officielles et certains de leurs relais m\u00e9diatiques continuent de promouvoir une image d\u00e9connect\u00e9e de la r\u00e9alit\u00e9, \u00e0 travers des discours r\u00e9p\u00e9titifs pr\u00e9sentant la Mauritanie comme un leader arabe en mati\u00e8re de libert\u00e9 de la presse.<\/p>\n<p>Il est impossible de parler de libert\u00e9 de la presse ou d\u2019expression dans un pays o\u00f9 des journalistes, des d\u00e9put\u00e9es et des militants sont emprisonn\u00e9s pour leurs opinions et leurs positions politiques. Alors que le monde c\u00e9l\u00e8bre la libert\u00e9 de parole, la journaliste et militante Warda Mint Sleimane demeure derri\u00e8re les barreaux, aux c\u00f4t\u00e9s de deux d\u00e9put\u00e9es du mouvement IRA, dans ce que nous consid\u00e9rons comme une d\u00e9tention arbitraire flagrante, constituant une violation grave des libert\u00e9s publiques, une atteinte dangereuse \u00e0 l\u2019immunit\u00e9 parlementaire et un m\u00e9pris des institutions de la R\u00e9publique elles-m\u00eames.<\/p>\n<p>L\u2019emprisonnement d\u2019\u00e9lues du peuple en raison de leurs positions politiques ou de leur engagement pour les droits humains constitue un pr\u00e9c\u00e9dent dangereux, r\u00e9v\u00e9lant le degr\u00e9 de d\u00e9rive atteint par le pouvoir dans sa gestion de l\u2019opinion divergente. Cela confirme que la r\u00e9pression ne vise plus seulement les individus, mais touche d\u00e9sormais les institutions constitutionnelles elles-m\u00eames lorsqu\u2019elles ne parviennent pas \u00e0 contenir les voix libres.<\/p>\n<p>Nous rappelons que la Journ\u00e9e mondiale de la libert\u00e9 de la presse n\u2019est pas seulement une occasion d\u2019honorer les journalistes, mais \u00e9galement un moment pour rappeler \u00e0 tous \u2014 journalistes, d\u00e9fenseurs des droits humains et citoyens libres \u2014 que la solidarit\u00e9 avec les prisonniers d\u2019opinion est un devoir de principe indivisible. Le d\u00e9saccord avec les id\u00e9es ou les orientations politiques des d\u00e9tenus ne saurait jamais justifier le silence face \u00e0 l\u2019injustice qu\u2019ils subissent, ni servir de pr\u00e9texte pour d\u00e9tourner le regard des violations commises \u00e0 leur encontre.<\/p>\n<p>La s\u00e9lectivit\u00e9 dans la d\u00e9fense des libert\u00e9s constitue une trahison du principe m\u00eame de libert\u00e9, et le silence face \u00e0 la r\u00e9pression lorsqu\u2019elle touche les adversaires pr\u00e9pare son acceptation lorsqu\u2019elle finira par atteindre tout le monde.<\/p>\n<p>En cons\u00e9quence, nous r\u00e9it\u00e9rons notre demande de lib\u00e9ration imm\u00e9diate et sans condition de Warda Mint Sleimane, des deux d\u00e9put\u00e9es parlementaires d\u00e9tenues, ainsi que de tous les prisonniers d\u2019opinion en Mauritanie. Nous appelons \u00e9galement la famille de la presse nationale \u00e0 assumer son r\u00f4le historique en refusant toute normalisation avec la r\u00e9pression et en d\u00e9fendant la libert\u00e9 d\u2019expression comme un droit universel, et non comme un privil\u00e8ge accord\u00e9 ou retir\u00e9 par le pouvoir selon son bon vouloir.<\/p>\n<p>Le mouvement IRA continuera d\u2019\u00eatre \u00e0 l\u2019avant-garde de la d\u00e9fense de la parole libre et du droit de chaque citoyen \u00e0 s\u2019exprimer, \u00e0 s\u2019organiser et \u00e0 manifester pacifiquement, quel qu\u2019en soit le prix.<\/p>\n<p>D\u00e9put\u00e9 : Biram Dah AbeidNouakchott, le 2 mai 2026<\/p>\n","protected":false},"excerpt":{"rendered":"<p>Ch\u00e8res journalistes, chers journalistes, Le 3 mai, Journ\u00e9e mondiale de la libert\u00e9 de la presse, est une occasion internationale consacr\u00e9e au rappel des gouvernements \u00e0 leur devoir de respecter la libert\u00e9 d\u2019expression, de garantir l\u2019ind\u00e9pendance des m\u00e9dias et de prot\u00e9ger le droit des citoyens \u00e0 acc\u00e9der \u00e0 la v\u00e9rit\u00e9. Cependant, cette ann\u00e9e, cette comm\u00e9moration intervient &hellip;<\/p>\n","protected":false},"author":7,"featured_media":48908,"comment_status":"open","ping_status":"open","sticky":false,"template":"","format":"standard","meta":{"footnotes":""},"categories":[20,31],"tags":[],"class_list":["post-58297","post","type-post","status-publish","format-standard","has-post-thumbnail","hentry","category-francais-francais","category-31"],"_links":{"self":[{"href":"https:\/\/www.azzaman.info\/index.php?rest_route=\/wp\/v2\/posts\/58297","targetHints":{"allow":["GET"]}}],"collection":[{"href":"https:\/\/www.azzaman.info\/index.php?rest_route=\/wp\/v2\/posts"}],"about":[{"href":"https:\/\/www.azzaman.info\/index.php?rest_route=\/wp\/v2\/types\/post"}],"author":[{"embeddable":true,"href":"https:\/\/www.azzaman.info\/index.php?rest_route=\/wp\/v2\/users\/7"}],"replies":[{"embeddable":true,"href":"https:\/\/www.azzaman.info\/index.php?rest_route=%2Fwp%2Fv2%2Fcomments&post=58297"}],"version-history":[{"count":1,"href":"https:\/\/www.azzaman.info\/index.php?rest_route=\/wp\/v2\/posts\/58297\/revisions"}],"predecessor-version":[{"id":58298,"href":"https:\/\/www.azzaman.info\/index.php?rest_route=\/wp\/v2\/posts\/58297\/revisions\/58298"}],"wp:featuredmedia":[{"embeddable":true,"href":"https:\/\/www.azzaman.info\/index.php?rest_route=\/wp\/v2\/media\/48908"}],"wp:attachment":[{"href":"https:\/\/www.azzaman.info\/index.php?rest_route=%2Fwp%2Fv2%2Fmedia&parent=58297"}],"wp:term":[{"taxonomy":"category","embeddable":true,"href":"https:\/\/www.azzaman.info\/index.php?rest_route=%2Fwp%2Fv2%2Fcategories&post=58297"},{"taxonomy":"post_tag","embeddable":true,"href":"https:\/\/www.azzaman.info\/index.php?rest_route=%2Fwp%2Fv2%2Ftags&post=58297"}],"curies":[{"name":"wp","href":"https:\/\/api.w.org\/{rel}","templated":true}]}}