{"id":696,"date":"2012-11-20T13:51:07","date_gmt":"2012-11-20T10:51:07","guid":{"rendered":"http:\/\/azzaman.info\/wordpress\/2012\/11\/20\/le-president-mauritanien-de-retour-dans-son-pays-samedi\/"},"modified":"2012-11-20T13:51:07","modified_gmt":"2012-11-20T10:51:07","slug":"le-president-mauritanien-de-retour-dans-son-pays-samedi","status":"publish","type":"post","link":"https:\/\/www.azzaman.info\/?p=696","title":{"rendered":"Le pr\u00e9sident mauritanien de retour dans son pays samedi"},"content":{"rendered":"<p> \t\u00a0<\/p>\n<p> \t<img decoding=\"async\" alt=\"alt\" src=\"media\/images\/azizholand.jpg\" \/>PARIS (Reuters) &#8211; Le pr\u00e9sident mauritanien, soign\u00e9 en France depuis plus d&#8217;un mois pour une blessure par balle, rentrera\u00a0<\/p>\n<p>  <!--more-->  <\/p>\n<p> \tdans son pays samedi prochain, a annonc\u00e9 mardi son entourage.<\/p>\n<p> \tApr\u00e8s un entretien avec le pr\u00e9sident Fran\u00e7ois Hollande \u00e0 l&#8217;Elys\u00e9e mardi matin, Mohamed Ould Abdel Aziz a d\u00e9clar\u00e9 qu&#8217;il comptait &#8220;rentrer tr\u00e8s rapidement, dans quelques jours&#8221;.<\/p>\n<p> \tSelon son conseiller en communication Rassoul Ould Khal, son retour est programm\u00e9 pour samedi dans la matin\u00e9e.<\/p>\n<p> \tLe pr\u00e9sident mauritanien, qui est \u00e2g\u00e9 de 55 ans, a \u00e9t\u00e9 admis le 14 octobre \u00e0 l&#8217;h\u00f4pital militaire de Percy-Clamart, dans la banlieue parisienne, apr\u00e8s avoir essuy\u00e9 des coups de feu tir\u00e9s par des militaires de fa\u00e7on accidentelle sur son v\u00e9hicule pr\u00e8s de Nouakchott, selon la th\u00e8se officielle mauritanienne.<\/p>\n<p> \tCet incident avait relanc\u00e9 les craintes de d\u00e9stabilisation de ce pays saharien, qui est familier des coups d&#8217;Etat militaires.<\/p>\n<p> \tL&#8217;actuel chef de l&#8217;Etat mauritanien est un alli\u00e9 de la lutte men\u00e9e par les Occidentaux contre les islamistes arm\u00e9s d&#8217;Al Qa\u00efda au Maghreb islamique (Aqmi), qui occupent actuellement le nord du Mali voisin.<\/p>\n<p> \tLe sujet a \u00e9t\u00e9 au coeur des discussions avec Fran\u00e7ois Hollande.<\/p>\n<p> \tLa Mauritanie &#8220;partage avec la France la m\u00eame volont\u00e9 d&#8217;en terminer avec ce foyer terroriste au Sahel&#8221;, a d\u00e9clar\u00e9 le pr\u00e9sident fran\u00e7ais dans la cour de l&#8217;Elys\u00e9e.<\/p>\n<p> \tFran\u00e7ois Hollande a dit avoir not\u00e9 &#8220;des progr\u00e8s gr\u00e2ce \u00e0 la pression des Africains eux-m\u00eames par rapport \u00e0 la perspective d&#8217;une intervention&#8221;.<\/p>\n<p> \tIl a demand\u00e9 par ailleurs que le dialogue politique en cours soit &#8220;\u00e9clairci, c&#8217;est-\u00e0-dire qu&#8217;il ne peut pas y avoir de discussions avec des groupes qui sont li\u00e9s au terrorisme&#8221;.<\/p>\n<p> \tMohamed Ould Abdel Aziz a \u00e9voqu\u00e9 pour sa part une &#8220;situation extr\u00eamement difficile&#8221;.<\/p>\n<p> \t&#8220;Mais avec la volont\u00e9 de l&#8217;ensemble des pays et des chefs d&#8217;Etat je pense que nous allons vouloir traiter et r\u00e9gler d\u00e9finitivement (ce probl\u00e8me du terrorisme) qui mine le d\u00e9veloppement de notre r\u00e9gion&#8221;, a-t-il soulign\u00e9.<\/p>\n<p> \t&#8220;L&#8217;approche actuelle, c&#8217;est d&#8217;engager des forces mais aussi de continuer \u00e0 dialoguer et \u00e0 discuter pour essayer d&#8217;engager un processus qui puisse mettre fin (\u00e0 cette situation)&#8221;, a-t-il ajout\u00e9.<\/p>\n<p> \tUne intervention militaire internationale, approuv\u00e9e par l&#8217;Union africaine, doit \u00eatre men\u00e9e par les forces maliennes mais ne pourra d\u00e9buter avant la mi-2013.<\/p>\n<p> \tLe Mouvement pour l&#8217;unicit\u00e9 et le djihad en Afrique de l&#8217;Ouest (Mujao), li\u00e9 \u00e0 Al Qa\u00efda, a averti qu&#8217;une telle intervention entra\u00eenerait le pays dans un bourbier comparable \u00e0 ce qui s&#8217;est d\u00e9roul\u00e9 en Irak.<\/p>\n<p> \tJohn Irish et Elizabeth Pineau \u00e0 Paris, avec le bureau de Dakar, \u00e9dit\u00e9 par Yves Clarisse<\/p>\n","protected":false},"excerpt":{"rendered":"<p>\u00a0 PARIS (Reuters) &#8211; Le pr\u00e9sident mauritanien, soign\u00e9 en France depuis plus d&#8217;un mois pour une blessure par balle, rentrera\u00a0 dans son pays samedi prochain, a annonc\u00e9 mardi son entourage. Apr\u00e8s un entretien avec le pr\u00e9sident Fran\u00e7ois Hollande \u00e0 l&#8217;Elys\u00e9e mardi matin, Mohamed Ould Abdel Aziz a d\u00e9clar\u00e9 qu&#8217;il comptait &#8220;rentrer tr\u00e8s rapidement, dans quelques &hellip;<\/p>\n","protected":false},"author":1,"featured_media":695,"comment_status":"open","ping_status":"open","sticky":false,"template":"","format":"standard","meta":{"footnotes":""},"categories":[20],"tags":[],"class_list":["post-696","post","type-post","status-publish","format-standard","has-post-thumbnail","hentry","category-francais-francais"],"_links":{"self":[{"href":"https:\/\/www.azzaman.info\/index.php?rest_route=\/wp\/v2\/posts\/696","targetHints":{"allow":["GET"]}}],"collection":[{"href":"https:\/\/www.azzaman.info\/index.php?rest_route=\/wp\/v2\/posts"}],"about":[{"href":"https:\/\/www.azzaman.info\/index.php?rest_route=\/wp\/v2\/types\/post"}],"author":[{"embeddable":true,"href":"https:\/\/www.azzaman.info\/index.php?rest_route=\/wp\/v2\/users\/1"}],"replies":[{"embeddable":true,"href":"https:\/\/www.azzaman.info\/index.php?rest_route=%2Fwp%2Fv2%2Fcomments&post=696"}],"version-history":[{"count":0,"href":"https:\/\/www.azzaman.info\/index.php?rest_route=\/wp\/v2\/posts\/696\/revisions"}],"wp:featuredmedia":[{"embeddable":true,"href":"https:\/\/www.azzaman.info\/index.php?rest_route=\/wp\/v2\/media\/695"}],"wp:attachment":[{"href":"https:\/\/www.azzaman.info\/index.php?rest_route=%2Fwp%2Fv2%2Fmedia&parent=696"}],"wp:term":[{"taxonomy":"category","embeddable":true,"href":"https:\/\/www.azzaman.info\/index.php?rest_route=%2Fwp%2Fv2%2Fcategories&post=696"},{"taxonomy":"post_tag","embeddable":true,"href":"https:\/\/www.azzaman.info\/index.php?rest_route=%2Fwp%2Fv2%2Ftags&post=696"}],"curies":[{"name":"wp","href":"https:\/\/api.w.org\/{rel}","templated":true}]}}