{"id":7672,"date":"2014-12-21T12:24:00","date_gmt":"2014-12-21T09:24:00","guid":{"rendered":"http:\/\/azzaman.info\/wordpress\/2014\/12\/21\/cloture-des-journees-de-reflexion-sur-le-micro-financement\/"},"modified":"2014-12-21T12:24:00","modified_gmt":"2014-12-21T09:24:00","slug":"cloture-des-journees-de-reflexion-sur-le-micro-financement","status":"publish","type":"post","link":"https:\/\/www.azzaman.info\/?p=7672","title":{"rendered":"Cl\u00f4ture des journ\u00e9es de r\u00e9flexion sur le micro financement"},"content":{"rendered":"<p> \t<img decoding=\"async\" alt=\"alt\" src=\"media\/images\/atelier imf.jpg\" \/>Des journ\u00e9es de r\u00e9flexion sur le financement de petites entreprises sont cl\u00f4tur\u00e9es, le jeudi soir au Centre Africain des Congr\u00e8s \u00e0 Nouakchott, organis\u00e9e par \u00a0l&rsquo;Association des Professionnels et des Acteurs de Financement des petites entreprises en Mauritanie en collaboration avec le Minist\u00e8re de l&rsquo;Emploi, de la Formation Professionnelle, des Technologies de l&rsquo;Information et de la Communications et la Banque Centrale de Mauritanie et avec le soutien du Repr\u00e9sentant du Programme des Nations Unies pour le \u00a0D\u00e9veloppement \u00e0 notre pays.<\/p>\n<p>  <!--more-->  <\/p>\n<p> \t\u00a0\u00a0\u00a0\u00a0\u00a0\u00a0\u00a0\u00a0\u00a0\u00a0\u00a0\u00a0\u00a0\u00a0\u00a0\u00a0\u00a0\u00a0\u00a0\u00a0\u00a0\u00a0\u00a0\u00a0\u00a0 Les journ\u00e9es de concertations, qui dur\u00e9e trois jours, a pour but de lancer des r\u00e9flexions et des discussions entre les \u00e9tablissements de cr\u00e9dits et les membres de l&rsquo;Association des Professionnels et les acteurs de financement de petites entreprises. Les participants ont eu l&rsquo;occasion d&rsquo;avoir des \u00e9changes des id\u00e9es et des exp\u00e9riences. Ils ont abord\u00e9 les sujets d&rsquo;\u00e9valuation des situations g\u00e9n\u00e9rales. La strat\u00e9gie de l&rsquo;Association visant \u00e0 promouvoir le secteur de financement des petites entreprises, le plan d&rsquo;actions de l&rsquo;Association pour les prochaines trois ann\u00e9es et le r\u00f4le men\u00e9 par l&rsquo;Association et les acteurs concern\u00e9s \u00e9taient pr\u00e9sent\u00e9s au cours de discussions.<\/p>\n<p> \tLes participants \u00e9taient repartis en trois ateliers afin d&rsquo;approfondir les discussions et la sortie avec des recommandations pouvant \u00e0 activer et d\u00e9velopper le secteur et ses acteurs en mettant l&rsquo;accent sur la strat\u00e9gie, le plan d&rsquo;action de l&rsquo;Association et la question de mobilisation des cr\u00e9dits. A l&rsquo;occasion de ces journ\u00e9es de concertation, Monsieur :Hammadi Ould El Bekaye, Directeur de petits financements et de l&rsquo;Insertion au Minist\u00e8re de l&rsquo;Emploi, de la Formation Professionnelle, des Technologies de l&rsquo;Information et de la Communication, a remerci\u00e9 au nom du Ministre, le Pr\u00e9sident et les responsables de l&rsquo;Association des Professionnels et les acteurs de financement de petites entreprises pour l&rsquo;organisation des ces journ\u00e9es importantes de concertation qui vont \u00eatre renforc\u00e9es en poursuivant la lutte contre le ch\u00f4mage et la pauvret\u00e9 par le biais de relancer le d\u00e9veloppement dans le pays. Il avait aussi remerci\u00e9 le Programme de Nations Unies pour le D\u00e9veloppement dans notre pays pour son r\u00f4le important dans cette activit\u00e9.<\/p>\n<p> \tMonsieur Hammadi a poursuit : \u00ab\u00a0Malgr\u00e9 les difficult\u00e9s dans le secteur, le nombre des b\u00e9n\u00e9ficiaires de petits cr\u00e9dits a atteint plus 370000 personnes. Les d\u00e9p\u00f4ts sont actuellement \u00e0 l&rsquo;environ de 6 milliards d&rsquo;Ouguiyas et les montants \u00e0 payer sont plus de 12 milliards d&rsquo;Ouguiyas. Les \u00e9tablissements de financement du secteur couvre l&rsquo;environ de 90% des d\u00e9partements au niveau national. Ces indicateurs montrent que le r\u00f4le jou\u00e9 par le secteur est important dans le domaine de cr\u00e9ation des autos emplois am\u00e9liorant les conditions de vie des familles et luttant contre la pauvret\u00e9 et le ch\u00f4mage&rsquo;&rsquo;.<\/p>\n<p> \tLe Directeur de la promotion des petits financements a appel\u00e9 \u00e0 doubler les efforts en vue de dynamiser le secteur, faire face des diff\u00e9rentes difficult\u00e9s pour une participation dans l&rsquo;\u00e9conomie nationale.<\/p>\n<p> \t\u00a0<\/p>\n<p> \t\u00c0 son tour, Fassa Yarim, Pr\u00e9sident de l&rsquo;Association a remerci\u00e9 les acteurs en Mauritanie y compris le Minist\u00e8re, la BCM, les CAPEC et le Repr\u00e9sentant du PNUD pour leur participation en demandant leur soutien au d\u00e9veloppement de notre pays.<\/p>\n<p> \tMonsieur Fassa Yarim a confirm\u00e9 que l&rsquo;organisation des ces journ\u00e9es rentre dans le cadre de renforcement des capacit\u00e9s techniques des acteurs dans le secteur, soulignant que les r\u00e9alisations dans ce domaine sont beaucoup mais les aspirations sont \u00e9normes par rapport au r\u00f4le de la promotion des \u00e9tablissements du financement des petites entreprises qui ne peut \u00eatre r\u00e9alis\u00e9 sans l&rsquo;implication de tous.<\/p>\n<p> \t\u00a0<\/p>\n<p> \tSignalons, enfin, que les b\u00e9n\u00e9ficiaires de ces journ\u00e9es sont au nombre de 60 personnes op\u00e9rants dans ce secteur.<\/p>\n<p> \t\u00a0<\/p>\n","protected":false},"excerpt":{"rendered":"<p>Des journ\u00e9es de r\u00e9flexion sur le financement de petites entreprises sont cl\u00f4tur\u00e9es, le jeudi soir au Centre Africain des Congr\u00e8s \u00e0 Nouakchott, organis\u00e9e par \u00a0l&rsquo;Association des Professionnels et des Acteurs de Financement des petites entreprises en Mauritanie en collaboration avec le Minist\u00e8re de l&rsquo;Emploi, de la Formation Professionnelle, des Technologies de l&rsquo;Information et de la &hellip;<\/p>\n","protected":false},"author":1,"featured_media":7671,"comment_status":"open","ping_status":"open","sticky":false,"template":"","format":"standard","meta":{"footnotes":""},"categories":[20],"tags":[],"class_list":["post-7672","post","type-post","status-publish","format-standard","has-post-thumbnail","hentry","category-francais-francais"],"_links":{"self":[{"href":"https:\/\/www.azzaman.info\/index.php?rest_route=\/wp\/v2\/posts\/7672","targetHints":{"allow":["GET"]}}],"collection":[{"href":"https:\/\/www.azzaman.info\/index.php?rest_route=\/wp\/v2\/posts"}],"about":[{"href":"https:\/\/www.azzaman.info\/index.php?rest_route=\/wp\/v2\/types\/post"}],"author":[{"embeddable":true,"href":"https:\/\/www.azzaman.info\/index.php?rest_route=\/wp\/v2\/users\/1"}],"replies":[{"embeddable":true,"href":"https:\/\/www.azzaman.info\/index.php?rest_route=%2Fwp%2Fv2%2Fcomments&post=7672"}],"version-history":[{"count":0,"href":"https:\/\/www.azzaman.info\/index.php?rest_route=\/wp\/v2\/posts\/7672\/revisions"}],"wp:featuredmedia":[{"embeddable":true,"href":"https:\/\/www.azzaman.info\/index.php?rest_route=\/wp\/v2\/media\/7671"}],"wp:attachment":[{"href":"https:\/\/www.azzaman.info\/index.php?rest_route=%2Fwp%2Fv2%2Fmedia&parent=7672"}],"wp:term":[{"taxonomy":"category","embeddable":true,"href":"https:\/\/www.azzaman.info\/index.php?rest_route=%2Fwp%2Fv2%2Fcategories&post=7672"},{"taxonomy":"post_tag","embeddable":true,"href":"https:\/\/www.azzaman.info\/index.php?rest_route=%2Fwp%2Fv2%2Ftags&post=7672"}],"curies":[{"name":"wp","href":"https:\/\/api.w.org\/{rel}","templated":true}]}}