{"id":973,"date":"2012-12-05T20:19:43","date_gmt":"2012-12-05T17:19:43","guid":{"rendered":"http:\/\/azzaman.info\/wordpress\/2012\/12\/05\/ouverture-du-6eme-sommet-africites-macky-sall-pour-la-prise-en-compte-des-specificites-locales\/"},"modified":"2012-12-05T20:19:43","modified_gmt":"2012-12-05T17:19:43","slug":"ouverture-du-6eme-sommet-africites-macky-sall-pour-la-prise-en-compte-des-specificites-locales","status":"publish","type":"post","link":"https:\/\/www.azzaman.info\/?p=973","title":{"rendered":"Ouverture du 6\u00e8me Sommet Africit\u00e9s : Macky Sall pour la prise en compte des sp\u00e9cificit\u00e9s locales"},"content":{"rendered":"<p> \t<img decoding=\"async\" alt=\"alt\" src=\"http:\/\/www.lesoleil.sn\/images\/stories\/africite%20programme.jpg\" \/>Dakar abrite, depuis hier et\u00a0 jusqu&rsquo;au 8 d\u00e9cembre, le 6\u00e8me Sommet Africit\u00e9s ouvert, hier, par le chef de l&rsquo;\u00c9tat Macky Sall, en pr\u00e9sence des ex-pr\u00e9sidents Thabo Mbeki, Pedro Pires et Nic\u00e9phore Soglo. Le pr\u00e9sident de la R\u00e9publique\u00a0 a appel\u00e9 les maires du continent \u00e0 conqu\u00e9rir et \u00e0 construire la place de l&rsquo;Afrique dans le monde. Il a, par ailleurs, indiqu\u00e9 que les orientations qui doivent \u00eatre prises en faveur du d\u00e9collage \u00e9conomique du continent n\u00e9cessitent une prise en compte des sp\u00e9cificit\u00e9s locales. Des tables rondes, conf\u00e9rences et expositions vont rythmer ce 6\u00e8me Sommet apr\u00e8s celui de Marrakech au Maroc, il y a trois ans.<\/p>\n<p>  <!--more-->  <\/p>\n<p> \tMacky Sall veut la prise en compte des sp\u00e9cificit\u00e9s locales Pr\u00e9sidant la c\u00e9r\u00e9monie d&rsquo;ouverture du sommet Africit\u00e9s qui se tient \u00e0 Dakar du 4 au 8 d\u00e9cembre, le pr\u00e9sident de la R\u00e9publique, Macky Sall, a appel\u00e9 les maires d&rsquo;Afrique \u00e0 conqu\u00e9rir et \u00e0 construire la place de l&rsquo;Afrique dans le monde. Il a indiqu\u00e9 que les orientations qui doivent \u00eatre prises en faveur du d\u00e9collage \u00e9conomique du continent doivent prendre en compte les sp\u00e9cificit\u00e9s locales.\u00a0 Le pr\u00e9sident de la R\u00e9publique, Macky Sall, a appel\u00e9, hier, les collectivit\u00e9s locales \u00e0 la prise en compte des sp\u00e9cificit\u00e9s des r\u00e9gions d&rsquo;Afrique dans la r\u00e9alisation des politiques de d\u00e9veloppement dans le continent. \u00ab\u00a0C&rsquo;est \u00e0 vous de conqu\u00e9rir et de construire la place de l&rsquo;Afrique dans le monde. C&rsquo;est \u00e0 nous de la construire par nous-m\u00eames et pour nous-m\u00eames. Et construire l&rsquo;Afrique par ses territoires, c&rsquo;est donner droit aux sp\u00e9cificit\u00e9s locales dans ce qu&rsquo;elles offrent de meilleur\u00a0\u00bb, a d\u00e9clar\u00e9 le pr\u00e9sident Sall \u00e0 l&rsquo;ouverture du sommet Africit\u00e9s.\u00a0 Pour le chef de l&rsquo;\u00c9tat, les potentialit\u00e9s des territoires doivent en priorit\u00e9s r\u00e9pondre aux besoins\u00a0 de d\u00e9veloppement des populations locales. \u00ab\u00a0C&rsquo;est une exigence de paix et de justice\u00a0\u00bb, a insist\u00e9 Macky Sall, qui a demand\u00e9 aux maires de ne pas oublier les imp\u00e9ratifs de solidarit\u00e9 et d&rsquo;unit\u00e9 du territoire national. \u00ab\u00a0Il faut, \u00e0 travers des m\u00e9canismes appropri\u00e9s de solidarit\u00e9, corriger le d\u00e9s\u00e9quilibre pour d\u00e9velopper en chacun l&rsquo;attachement \u00e0 la nation et le d\u00e9sir du vivre ensemble\u00a0\u00bb, a soulign\u00e9 Macky Sall, qui ajoute que c&rsquo;est ce que le S\u00e9n\u00e9gal recherche \u00e0 travers le nouveau concept d\u00e9veloppement territorial. Le pr\u00e9sident de la R\u00e9publique s&rsquo;est r\u00e9joui du choix du th\u00e8me du sommet qui est\u00a0: \u00ab\u00a0Construire l&rsquo;Afrique \u00e0 partir de ses territoires\u00a0: quels d\u00e9fis pour les collectivit\u00e9s locales\u00a0?\u00bb. Le chef de l&rsquo;\u00c9tat estime que les maires ont voulu certainement, \u00e0 travers ce sujet, sonder les dynamiques qui interpellent les Collectivit\u00e9s locales. Selon M. Sall, ces dynamiques touchent \u00e0 l&rsquo;urbanisation, la d\u00e9mocratisation, la d\u00e9centralisation et la red\u00e9finition des enjeux du d\u00e9veloppement du continent dans la perspective de l&rsquo;Afrique des peuples. Le pr\u00e9sident Sall qui fut maire de la commune de Fatick a dit appr\u00e9hender l&rsquo;ardeur et la complexit\u00e9 des charges des \u00e9diles de villes. \u00ab\u00a0Je vous y encourage. Impulser le d\u00e9veloppement \u00e0 la base est un travail de base, un travail exigeant qui n\u00e9cessite une attention et un engagement constant aux c\u00f4t\u00e9s du citoyen surtout que\u00a0la gouvernance locale comme celle de l&rsquo;\u00c9tat moderne conna\u00eet des profondes mutations\u00a0\u00bb, a-t-il dit. Le chef de l&rsquo;\u00c9tat a ajout\u00e9\u00a0: \u00ab\u00a0aux d\u00e9fis classiques telles que la sant\u00e9, l&rsquo;\u00e9ducation, l&rsquo;assistance sociale s&rsquo;ajoutent de nouveaux paradigmes d&rsquo;une autre amplitude li\u00e9s \u00e0 la croissance d\u00e9mographique, au p\u00e9ril environnemental, aux probl\u00e8mes d&rsquo;assainissement, d&rsquo;am\u00e9nagement urbain et de s\u00e9curit\u00e9. Le tout dans un environnement de restriction budg\u00e9taire\u00a0\u00bb.\u00a0 En outre, a insist\u00e9 le pr\u00e9sident de la R\u00e9publique, \u00ab\u00a0l&rsquo;aspiration l\u00e9gitime des peuples \u00e0 plus de libert\u00e9s, de d\u00e9mocratie et de transparence exige d\u00e9sormais de tous les gouvernants une gestion vertueuse des ressources et des affaires publiques\u00a0\u00bb. C&rsquo;est pourquoi, le pr\u00e9sident Sall a donn\u00e9 des pistes de r\u00e9flexion aux maires.\u00a0 Il s&rsquo;agit, selon lui, de voir comment au regard de cette consid\u00e9ration assurer une r\u00e9partition optimale des comp\u00e9tences entre l&rsquo;\u00c9tat et les pouvoirs locaux pour tirer le meilleur parti de leur compl\u00e9mentarit\u00e9, mais d&rsquo;identifier le meilleur r\u00e9gime fiscale et budg\u00e9taire pour les Collectivit\u00e9s locales. Le pr\u00e9sident demande aussi aux maires de trouver des voies pouvant permettre de rendre les villes plus attractives dans un contexte mondial de comp\u00e9tition effr\u00e9n\u00e9e. Macky Sall appelle aussi \u00e0 la d\u00e9finition d&rsquo;un cadre de concertation r\u00e9pondant aux besoins des g\u00e9n\u00e9rations actuelles sans compromettre ceux des g\u00e9n\u00e9rations futures.\u00a0 Abordant la politique de d\u00e9centralisation de l&rsquo;\u00c9tat du S\u00e9n\u00e9gal, le chef de l&rsquo;\u00c9tat a d\u00e9clar\u00e9 que les collectivit\u00e9s locales sont enti\u00e8rement autonomes dans la d\u00e9finition de leurs politiques de d\u00e9veloppement local, dans la prise en charge de leurs pr\u00e9occupations. Toutefois, a-t-il relativis\u00e9, \u00ab\u00a0il reste que le transfert de l&rsquo;\u00c9tat central vers les collectivit\u00e9s reste \u00e0 renforcer puisque des comp\u00e9tences ont \u00e9t\u00e9 transf\u00e9r\u00e9es et les moyens n&rsquo;ont pas suivis. Pour l&rsquo;exercice de ces comp\u00e9tences, a-t-il pr\u00f4n\u00e9, l&rsquo;esprit d&rsquo;initiative doit rester au c&oelig;ur de la vision du d\u00e9veloppement.\u00a0<\/p>\n<p> \t\u00ab\u00a0Les infrastructures doivent\u00a0\u00eatre une priorit\u00e9\u00a0\u00bb Le pr\u00e9sident de la R\u00e9publique Macky Sall a exhort\u00e9, hier, les maires d&rsquo;Afrique \u00e0 inscrire la question des infrastructures au c&oelig;ur de leurs \u00e9changes lors de la table ronde qui se tient aujourd&rsquo;hui dans le cadre du sommet Africit\u00e9s sur le th\u00e8me\u00a0: \u00ab\u00a0Quelle place pour l&rsquo;Afrique dans le monde d&rsquo;aujourd&rsquo;hui et de demain\u00a0?\u00a0\u00bb \u00ab\u00a0Je souhaite que les questions d&rsquo;infrastructures et de justes r\u00e9mun\u00e9rations de nos ressources mini\u00e8res figurent au c&oelig;ur de vos priorit\u00e9s. C&rsquo;est cela aussi construire l&rsquo;Afrique \u00e0 partir de ses territoires. Il n&rsquo;y a point de d\u00e9veloppement sans infrastructures de qualit\u00e9\u00a0\u00bb, a dit Macky Sall \u00e0 l&rsquo;ouverture du sommet. Le Pr\u00e9sident Sall a estim\u00e9 que le d\u00e9veloppement ne peut se faire sans des moyens de transport ad\u00e9quats qui assurent une meilleure circulation des personnes et des biens. \u00ab\u00a0C&rsquo;est cette id\u00e9e du Nepad que le S\u00e9n\u00e9gal tente de mettre en &oelig;uvre \u00e0 l&rsquo;\u00e9chelle r\u00e9gionale de fa\u00e7on plus pragmatique. L&rsquo;Afrique ne pourra pas se d\u00e9velopper \u00a0tant que ses ressources mini\u00e8res ne sont pas r\u00e9mun\u00e9r\u00e9es \u00e0 leur juste prix \u00e0 cause de contrats l\u00e9onins qui ne laissent \u00e0 nos pays que le portion congrue\u00a0\u00bb, a-t-il dit, ajoutant que le combat \u00e0 mener pour le d\u00e9veloppement de l&rsquo;Afrique implique les chefs d&rsquo;\u00c9tat, mais aussi les maires qui, selon lui, repr\u00e9sentent leurs terroirs.<\/p>\n<p> \tKhalifa Ababacar Sall, maire de dakar\u00a0: \u00ab\u00a0La gouvernance locale,\u00a0une alternative cr\u00e9dible\u00a0\u00bb L&rsquo;\u00e9dile de la ville de Dakar a fait hier, \u00e0 l&rsquo;occasion de la c\u00e9r\u00e9monie officielle d&rsquo;ouverture de la 6\u00e8me \u00e9dition du Sommet Africit\u00e9s, un plaidoyer pour des \u00e9lus locaux plus responsabilis\u00e9s dans la mise en &oelig;uvre des politiques et strat\u00e9gies locales. Dans son message de bienvenue \u00e0 tous les d\u00e9l\u00e9gu\u00e9s et repr\u00e9sentants \u00e9tatiques et \u00e9lus d&rsquo;Afrique et d&rsquo;ailleurs, Khalifa Ababacar Sall a remerci\u00e9 d&rsquo;embl\u00e9e le chef de l&rsquo;\u00c9tat Macky Sall pour son implication personnelle dans la pr\u00e9paration et l&rsquo;organisation du sommet Africit\u00e9s. \u00ab\u00a0Ce sommet a pu se tenir gr\u00e2ce \u00e0 votre engagement et soutien, de m\u00eame que les efforts fournis au niveau africain\u00a0\u00bb, t\u00e9moigne-t-il, avant de dire sa gratitude pour l&rsquo;initiative prise par le chef de l&rsquo;\u00c9tat Macky Sall d&rsquo;inscrire dans la charte africaine le probl\u00e8me de la gouvernance locale qui a re\u00e7u le soutien de 15 pays. Il a en outre remerci\u00e9 le Roi Mohammed VI du Maroc qui s&rsquo;est aussi investi autant que le S\u00e9n\u00e9gal dans la pr\u00e9paration et l&rsquo;organisation du Sommet. Pour ce dernier, aujourd&rsquo;hui comme demain en Afrique, la gouvernance locale s&rsquo;impose comme une alternative cr\u00e9dible car, note-t-il, \u00ab\u00a0le maire est le premier interlocuteur du citoyen\u00a0\u00bb. C&rsquo;est pourquoi, a-t-il, sugg\u00e9r\u00e9, pour plus d&rsquo;efficacit\u00e9, le monde doit continuer de penser globalement et d&rsquo;agir localement. Pour dire termine-t-il, que le pr\u00e9sident Macky Sall, \u00e0 travers l&rsquo;acte III de la d\u00e9centralisation, a montr\u00e9 la voie \u00e0 suivre pour le plein \u00e9panouissement des territoires. Le \u00ab\u00a0Daal\u00e8ne ak Diamm\u00a0\u00bb (soyez les bienvenues) du maire de Dakar s&rsquo;est aussi mat\u00e9rialis\u00e9 par la forte mobilisation des populations qui ont offert aux h\u00f4tes du pays, aux alentours du complexe King Fahd, un accueil color\u00e9 aux sonorit\u00e9s locales.\u00a0<\/p>\n<p> \tBertrand DELANO\u00cb, maire de Paris :\u00a0\u00ab\u00a0Les maires doivent \u00eatre au service de la paix\u00a0\u00bb En sa qualit\u00e9 de pr\u00e9sident de l&rsquo;Association internationale des Maires Francophones (Aimf) et maire de la ville de Paris, Bertrand Delano\u00eb a d\u00e9clar\u00e9 que la r\u00e9union de Dakar d\u00e9montre que les collectivit\u00e9s locales du Monde et plus particuli\u00e8rement celles d&rsquo;Afrique sont solidaires. \u00ab\u00a0Ma ville doit tant \u00e0 l&rsquo;Afrique, car des dizaines de milliers d&rsquo;Africains apportent leur culture, leur \u00e9nergie et leur savoir faire pour que Paris reste ce qu&rsquo;elle est\u00a0\u00bb, a lanc\u00e9 le maire de la capitale fran\u00e7aise. Le peuple S\u00e9n\u00e9galais, quelles que soient les difficult\u00e9s, a ajout\u00e9 Bertrand Delano\u00eb, par cette mobilisation, a d\u00e9montr\u00e9 que le S\u00e9n\u00e9gal est un exemple de d\u00e9mocratie.\u00a0 Selon lui, les \u00c9lus locaux doivent faire de la gouvernance locale un \u00e9l\u00e9ment essentiel pour solutionner les crises. D&rsquo;apr\u00e8s le maire de Paris, les \u00e9lus portent la souffrance des populations \u00e0 la base et aujourd&rsquo;hui comme les Nations Unies l&rsquo;ont fait, l&rsquo;Union africaine doit apporter son soutien. \u00ab\u00a0Nous avons un devoir de solidarit\u00e9 pour b\u00e2tir ce 21\u00e8me si\u00e8cle dans la d\u00e9mocratie locale en r\u00e9ussissant des projets dans les domaines de l&rsquo;assainissement, de l&rsquo;eau, de la sant\u00e9, de l&rsquo;urbanisme, etc.\u00a0\u00bb, a martel\u00e9 l&rsquo;\u00e9dile de Paris. Se r\u00e9f\u00e9rant au conflit au Nord Mali, il a dit que les maires doivent \u00eatre au service de la paix avant de d\u00e9dier la rencontre \u00e0 la paix dans le monde et surtout en Afrique. Selon le maire de Paris, l&rsquo;Afrique inspire confiance et jouera son r\u00f4le dans l&rsquo;organisation mondiale des maires.\u00a0<\/p>\n<p> \tRen\u00e9 Emmanuel SADI, vice-pr\u00e9sident de la CADDEL :\u00a0\u00ab\u00a0Nous sommes engag\u00e9s dans la construction\u00a0d&rsquo;une Afrique des territoires\u00a0\u00bb Le vice-pr\u00e9sident de la\u00a0 Conf\u00e9rence africaine de la d\u00e9centralisation et du d\u00e9veloppement local (Caddel),\u00a0 Ren\u00e9 Emmanuel Sadi, a d\u00e9clar\u00e9, hier, que la Caddel est r\u00e9solument engag\u00e9e dans la construction d&rsquo;une Afrique des territoires, en qu\u00eate de gouvernance, de performance et d&rsquo;\u00e9mergence. Selon M. Sadi, la Caddel qui s&rsquo;est donn\u00e9e pour mission d&rsquo;accompagner les dynamiques de d\u00e9veloppement au plan continental sera \u00ab\u00a0toujours aux c\u00f4t\u00e9s des acteurs locaux, des Collectivit\u00e9s locales notamment pour une Afrique forte, conqu\u00e9rante et maitresse de son d\u00e9veloppement et de son destin\u00a0\u00bb.\u00a0 M. Sadi, qui est par ailleurs ministre de l&rsquo;Administration territoriale et de la D\u00e9centralisation de la R\u00e9publique du Cameroun, a rappel\u00e9 les actes pos\u00e9s par la Caddel pour promouvoir le d\u00e9veloppement \u00e0 la base en Afrique. Il s&rsquo;agit notamment de l&rsquo;adoption du principe de l&rsquo;\u00e9laboration d&rsquo;une charte africaine de la d\u00e9centralisation et de la gouvernance locale, mais aussi de l&rsquo;instauration d&rsquo;un prix de l&rsquo;excellence africaine dans le domaine de la gouvernance locale dont les modalit\u00e9s et les contours sont discut\u00e9s avec les partenaires et organismes ayant une expertise av\u00e9r\u00e9e dans le domaine et la production d&rsquo;un rapport triennal sur l&rsquo;\u00e9tat de la d\u00e9centralisation en Afrique.\u00a0 Selon M. Sadi, l&rsquo;engagement de l&rsquo;Africaine en faveur du d\u00e9veloppement des territoires est aussi illustr\u00e9 par le th\u00e8me du sommet qui est\u00a0: construire l&rsquo;Afrique \u00e0 partir de ses territoires\u00a0: quels d\u00e9fis pour les collectivit\u00e9s locales\u00a0?\u00a0 Pour le vice-pr\u00e9sident de la Caddel, le th\u00e8me du sommet illustre le r\u00f4le et les pr\u00e9rogatives d\u00e9volues et reconnues aux \u00ab\u00a0collectivit\u00e9s locales africaines pour une Afrique des peuples qui se r\u00e9alisera sans nul doute \u00e0 travers la mise en &oelig;uvre des strat\u00e9gies de rapprochement que sont notamment les dynamiques transfrontali\u00e8res port\u00e9es par l&rsquo;intercommunalit\u00e9, la constitution des associations transnationales, l&rsquo;\u00e9change et la mutualisation des exp\u00e9riences et le renforcement des liens tiss\u00e9s par l&rsquo;histoire et la culture des peuples africains\u00a0\u00bb. Selon M. Sadi, l&rsquo;approche territoriale mise en exergue interpelle, \u00e0 un plus haut niveau, les ministres membres de la Caddel.\u00a0<\/p>\n<p> \tAbdoulaye Bald\u00e9, pr\u00e9sident de l&rsquo;ams :\u00a0\u00ab\u00a0Pour une plus grande libert\u00e9 des \u00e9lus\u00a0\u00bb\u00a0 Le pr\u00e9sident de l&rsquo;association des maires du S\u00e9n\u00e9gal (Ams), le maire de Ziguinchor Abdoulaye Bald\u00e9 a donn\u00e9, hier, en exemple les succ\u00e8s des politiques et strat\u00e9gies locales des villes du Maroc, de Turquie, de Chine et du Br\u00e9sil qui doivent, selon lui, inspirer les pays du sud. C&rsquo;\u00e9tait hier, lors de la c\u00e9r\u00e9monie d&rsquo;ouverture \u00e0 Dakar de la 6\u00e8me \u00e9dition du sommet Africit\u00e9s. Comme son homologue de la ville de Dakar, le maire de Ziguinchor a pour sa part sacrifi\u00e9 au traditionnel message de bienvenue. Des salutations sp\u00e9ciales pour ses fr\u00e8res \u00e9lus, les nombreux anciens pr\u00e9sidents, les ministres et repr\u00e9sentants d&rsquo;organisations internationales qui ont fait le d\u00e9placement pour participer au Sommet. Il a transmis ses remerciements \u00e0 l&rsquo;endroit du chef de l&rsquo;\u00c9tat Macky Sall, mais aussi de son pr\u00e9d\u00e9cesseur Me Abdoulaye Wade qui, selon lui, a aussi contribu\u00e9 \u00e0 la tenue des assises d&rsquo;Africit\u00e9s. Il en est de m\u00eame aussi des ministres Aliou Sow, Cheikh Bamba Di\u00e8ye et Mme Arame Ndoye S\u00e8ne, qui se sont succ\u00e9d\u00e9 au rang de ministre en charge des Collectivit\u00e9s locales et de l&rsquo;am\u00e9nagement du territoire. Parlant du th\u00e8me de la 6\u00e8me \u00e9dition du sommet Africit\u00e9s, Abdoulaye Bald\u00e9 note que ces assises constituent une plateforme de communication et de dialogue constructifs en faveur des collectivit\u00e9s locales. Pour ce dernier, l&rsquo;\u00e9panouissement des \u00c9tats africains d\u00e9pend d&rsquo;une bonne gouvernance locale et d&rsquo;une politique de d\u00e9centralisation. N\u00e9anmoins, il a cit\u00e9 les \u00e9normes difficult\u00e9s des gouvernements locaux telles que le manque criant de moyens des collectivit\u00e9s locales, et un transfert de comp\u00e9tences qui s&rsquo;est mu\u00e9, note-t-il, en transfert de probl\u00e8mes. C&rsquo;est pourquoi, il a lanc\u00e9 un appel pour que les gouvernances d&rsquo;Afrique allouent des fonds cons\u00e9quents aux collectivit\u00e9s locales. \u00ab\u00a0Le d\u00e9veloppement des collectivit\u00e9s locales ne peut se r\u00e9aliser sans une plus grande libert\u00e9 des \u00e9lus locaux dans la d\u00e9finition des politiques \u00e0 la base\u00a0\u00bb, souligne-t-il, avant de souhaiter que la 6\u00e8me \u00e9dition d&rsquo;Africit\u00e9s qui se tient \u00e0 Dakar soit celle de la consolidation de la gouvernance locale et celle de l&rsquo;affermissement de l&rsquo;\u00e9lu africain.<\/p>\n<p> \tNicephore SOGLO, maire de Cotonou, ancien pr\u00e9sident du Benin :\u00a0\u00ab\u00a0Doter les collectivit\u00e9s d&rsquo;une autonomie financi\u00e8re\u00a0\u00bb Le maire de Cotonou et ancien pr\u00e9sident du B\u00e9nin a soulign\u00e9 que les collectivit\u00e9s locales doivent avoir leur autonomie financi\u00e8re. Citant l&rsquo;exemple du Canada, Nic\u00e9phore Soglo a soulign\u00e9 que les collectivit\u00e9s locales b\u00e9n\u00e9ficient d&rsquo;une r\u00e9elle autonomie en s&rsquo;appuyant sur le foncier. L&rsquo;ancien fonctionnaire international de la Banque mondiale a insist\u00e9 pour que les organismes mettent les ressources n\u00e9cessaires pour que les villes puissent vaincre les inondations \u00e0 partir d&rsquo;un meilleur assainissement et l&rsquo;insalubrit\u00e9 des capitales. Selon lui, des subventions doivent \u00eatre disponibles pour une meilleure mobilit\u00e9 urbaine et les questions de pollutions urbaines. Face aux d\u00e9fis avec l&rsquo;Afrique qui doit se retrouver \u00e0 plus d&rsquo;un milliard d&rsquo;hommes d&rsquo;ici 2050, il s&rsquo;est interrog\u00e9 sur les infrastructures qui accueilleront ces populations. Il a invit\u00e9 les chefs d&rsquo;\u00c9tats et de gouvernants \u00e0 utiliser les lobbies pour donner les moyens aux Cit\u00e9s, gouvernements et \u00c9lus locaux (Cglu) pour doter l&rsquo;Afrique de tous les moyens financiers n\u00e9cessaires. Donnant en exemple le barrage de Inga qui aurait pu fournir \u00e0 l&rsquo;Afrique et \u00e0 un tiers de l&rsquo;Europe toute l&rsquo;\u00e9nergie hydraulique, il a insist\u00e9 sur la n\u00e9cessit\u00e9 de profiter des ressources et plus particuli\u00e8rement du solaire.\u00a0<\/p>\n<p> \tMohan Laenser, Repr\u00e9sentant du Roi du Maroc\u00a0: \u00ab\u00a0Pas de d\u00e9mocratie, sans\u00a0d\u00e9mocratie locale\u00a0\u00bb Au nom du Roi du Maroc, son repr\u00e9sentant, le ministre de l&rsquo;Int\u00e9rieur du Royaume ch\u00e9rifien, Mohan Laenser, a dit que ce sommet confirme qu&rsquo;Africit\u00e9s est un cadre de dialogue et de concertation avant d&rsquo;ajouter que\u00a0\u00ab\u00a0la d\u00e9mocratie ne peut se faire sans d\u00e9mocratie locale \u00bb. Le Maroc, a-t-il soutenu, est fier de passer le flambeau su S\u00e9n\u00e9gal. Selon le ministre de l&rsquo;Int\u00e9rieur, dans la derni\u00e8re Constitution du Royame, le Roi a pris l&rsquo;engagement d&rsquo;y inscrire l&rsquo;autonomie financi\u00e8re dans les collectivit\u00e9s locales. Il a aussi annonc\u00e9 la mise sur pied d&rsquo;une Acad\u00e9mie des \u00c9lus et cadres locaux qui seront form\u00e9s dans son pays. Il a demand\u00e9 aux \u00e9lus de renforcer la coop\u00e9ration Sud-Sud avant de dire que le Royaume abritera en 2013 une grande rencontre Cglu-Afrique.<\/p>\n<p> \t\u00a0<\/p>\n<p> \tsource:Lsoleilsn<\/p>\n<p> \t\u00a0<\/p>\n","protected":false},"excerpt":{"rendered":"<p>Dakar abrite, depuis hier et\u00a0 jusqu&rsquo;au 8 d\u00e9cembre, le 6\u00e8me Sommet Africit\u00e9s ouvert, hier, par le chef de l&rsquo;\u00c9tat Macky Sall, en pr\u00e9sence des ex-pr\u00e9sidents Thabo Mbeki, Pedro Pires et Nic\u00e9phore Soglo. Le pr\u00e9sident de la R\u00e9publique\u00a0 a appel\u00e9 les maires du continent \u00e0 conqu\u00e9rir et \u00e0 construire la place de l&rsquo;Afrique dans le monde. &hellip;<\/p>\n","protected":false},"author":1,"featured_media":0,"comment_status":"open","ping_status":"open","sticky":false,"template":"","format":"standard","meta":{"footnotes":""},"categories":[15],"tags":[],"class_list":["post-973","post","type-post","status-publish","format-standard","hentry","category-15"],"_links":{"self":[{"href":"https:\/\/www.azzaman.info\/index.php?rest_route=\/wp\/v2\/posts\/973","targetHints":{"allow":["GET"]}}],"collection":[{"href":"https:\/\/www.azzaman.info\/index.php?rest_route=\/wp\/v2\/posts"}],"about":[{"href":"https:\/\/www.azzaman.info\/index.php?rest_route=\/wp\/v2\/types\/post"}],"author":[{"embeddable":true,"href":"https:\/\/www.azzaman.info\/index.php?rest_route=\/wp\/v2\/users\/1"}],"replies":[{"embeddable":true,"href":"https:\/\/www.azzaman.info\/index.php?rest_route=%2Fwp%2Fv2%2Fcomments&post=973"}],"version-history":[{"count":0,"href":"https:\/\/www.azzaman.info\/index.php?rest_route=\/wp\/v2\/posts\/973\/revisions"}],"wp:attachment":[{"href":"https:\/\/www.azzaman.info\/index.php?rest_route=%2Fwp%2Fv2%2Fmedia&parent=973"}],"wp:term":[{"taxonomy":"category","embeddable":true,"href":"https:\/\/www.azzaman.info\/index.php?rest_route=%2Fwp%2Fv2%2Fcategories&post=973"},{"taxonomy":"post_tag","embeddable":true,"href":"https:\/\/www.azzaman.info\/index.php?rest_route=%2Fwp%2Fv2%2Ftags&post=973"}],"curies":[{"name":"wp","href":"https:\/\/api.w.org\/{rel}","templated":true}]}}